{"id":47623,"date":"2014-12-10T11:01:25","date_gmt":"2014-12-10T14:01:25","guid":{"rendered":"http:\/\/aconteceunovale.com.br\/portal\/?p=47623"},"modified":"2014-12-10T11:02:25","modified_gmt":"2014-12-10T14:02:25","slug":"homem-fica-gravemente-ferido-em-acidente-no-anel-rodoviario-de-capelinha","status":"publish","type":"post","link":"https:\/\/aconteceunovale.com.br\/portal\/?p=47623","title":{"rendered":"Homem fica gravemente ferido em acidente no Anel Rodovi\u00e1rio de Capelinha"},"content":{"rendered":"<h4><strong><em>Ciclista bateu em uma carreta e sofreu ferimentos graves. Ele foi socorrido pelo SAMU e encaminhado para o hospital da cidade.<\/em><\/strong><\/h4>\n<p>Um homem com idade aparente de 40 anos ficou gravemente ferido na manh\u00e3 desta quarta-feira, 10 de dezembro, em um acidente envolvendo uma carreta e uma bicicleta no Anel Rodovi\u00e1rio de Capelinha, no Vale do Jequitinhonha.<\/p>\n<p>De acordo com informa\u00e7\u00f5es, o ciclista teria atingido a parte inferior da carroceria do ve\u00edculo de carga. Com o impacto da batida, ele sofreu ferimentos graves, sendo socorrido por uma equipe do Servi\u00e7o de Atendimento M\u00f3vel de Urg\u00eancia (SAMU) e encaminhado para atendimento m\u00e9dico na Funda\u00e7\u00e3o Hospitalar S\u00e3o Vicente de Paulo.<\/p>\n<p><img decoding=\"async\" src=\"http:\/\/aconteceunovale.com.br\/portal\/wp-content\/uploads\/2014\/12\/acidente_capelinha_10_12.jpg\" alt=\"\" \/><em>Foto e informa\u00e7\u00f5es do locutor Al\u00e9quison Gomes do site Capelinha.net<\/em><\/p>\n","protected":false},"excerpt":{"rendered":"<p>Ciclista bateu em uma carreta e sofreu ferimentos graves. Ele foi socorrido pelo SAMU e encaminhado para o hospital da cidade. Um homem com idade aparente de 40 anos ficou gravemente ferido na manh\u00e3 desta quarta-feira, 10 de dezembro, em um acidente envolvendo uma carreta e uma bicicleta no Anel Rodovi\u00e1rio de Capelinha, no Vale [&hellip;]<\/p>\n","protected":false},"author":1,"featured_media":47624,"comment_status":"open","ping_status":"closed","sticky":false,"template":"","format":"standard","meta":{"amp_status":"","footnotes":""},"categories":[120],"tags":[4598,132,26292],"class_list":["post-47623","post","type-post","status-publish","format-standard","has-post-thumbnail","hentry","category-jequi","tag-acidente-em-capelinha","tag-capelinha","tag-homem-fica-gravemente-ferido-em-acidente-no-anel-rodoviario-de-capelinha"],"_links":{"self":[{"href":"https:\/\/aconteceunovale.com.br\/portal\/index.php?rest_route=\/wp\/v2\/posts\/47623","targetHints":{"allow":["GET"]}}],"collection":[{"href":"https:\/\/aconteceunovale.com.br\/portal\/index.php?rest_route=\/wp\/v2\/posts"}],"about":[{"href":"https:\/\/aconteceunovale.com.br\/portal\/index.php?rest_route=\/wp\/v2\/types\/post"}],"author":[{"embeddable":true,"href":"https:\/\/aconteceunovale.com.br\/portal\/index.php?rest_route=\/wp\/v2\/users\/1"}],"replies":[{"embeddable":true,"href":"https:\/\/aconteceunovale.com.br\/portal\/index.php?rest_route=%2Fwp%2Fv2%2Fcomments&post=47623"}],"version-history":[{"count":0,"href":"https:\/\/aconteceunovale.com.br\/portal\/index.php?rest_route=\/wp\/v2\/posts\/47623\/revisions"}],"wp:featuredmedia":[{"embeddable":true,"href":"https:\/\/aconteceunovale.com.br\/portal\/index.php?rest_route=\/wp\/v2\/media\/47624"}],"wp:attachment":[{"href":"https:\/\/aconteceunovale.com.br\/portal\/index.php?rest_route=%2Fwp%2Fv2%2Fmedia&parent=47623"}],"wp:term":[{"taxonomy":"category","embeddable":true,"href":"https:\/\/aconteceunovale.com.br\/portal\/index.php?rest_route=%2Fwp%2Fv2%2Fcategories&post=47623"},{"taxonomy":"post_tag","embeddable":true,"href":"https:\/\/aconteceunovale.com.br\/portal\/index.php?rest_route=%2Fwp%2Fv2%2Ftags&post=47623"}],"curies":[{"name":"wp","href":"https:\/\/api.w.org\/{rel}","templated":true}]}}