{"id":47550,"date":"2014-12-09T11:04:03","date_gmt":"2014-12-09T14:04:03","guid":{"rendered":"http:\/\/aconteceunovale.com.br\/portal\/?p=47550"},"modified":"2014-12-09T11:04:03","modified_gmt":"2014-12-09T14:04:03","slug":"timoteo-deve-ganhar-a-primeira-igreja-subterranea-do-brasil","status":"publish","type":"post","link":"https:\/\/aconteceunovale.com.br\/portal\/?p=47550","title":{"rendered":"Tim\u00f3teo deve ganhar a primeira igreja subterr\u00e2nea do Brasil"},"content":{"rendered":"<p>A luta pela conserva\u00e7\u00e3o das caracter\u00edsticas hist\u00f3ricas da Igreja S\u00e3o Jos\u00e9, que seria ampliada para comportar o n\u00famero de fi\u00e9is em Tim\u00f3teo, no Vale do A\u00e7o, fez nascer uma iniciativa in\u00e9dita no pa\u00eds: a constru\u00e7\u00e3o de um templo subterr\u00e2neo, bem debaixo da capela, de 1947. O projeto est\u00e1 or\u00e7ado em cerca de R$ 3 milh\u00f5es, dinheiro que ser\u00e1 arrecadado por meio de doa\u00e7\u00f5es dos fi\u00e9is.<\/p>\n<p>Tamb\u00e9m conhecida como Igrejinha da Pra\u00e7a, a capela fica no centro comercial de Acesita (Norte), e est\u00e1 ligada \u00e0 hist\u00f3ria de constru\u00e7\u00e3o de Tim\u00f3teo e da Companhia A\u00e7os Especiais Itabira (Acesita). Foi o primeiro e ainda \u00e9 considerado o principal templo religioso da cidade. Por seu valor hist\u00f3rico e cultural, foi inclu\u00eddo no invent\u00e1rio de prote\u00e7\u00e3o do acervo cultural do munic\u00edpio para ser tombado.<\/p>\n<p>A necessidade de reforma surgiu com o crescimento de fi\u00e9is e a falta de acesso para portadores de necessidades especiais. Segundo o padre Pacifal Jos\u00e9 do Nascimento, a igrejinha comporta cem pessoas sentadas, mas a frequ\u00eancia aos domingos gira em torno de 1.500. Cadeiras s\u00e3o colocadas do lado de fora para que todos possam assistir \u00e0s missas.<\/p>\n<p>Mas os fi\u00e9is que est\u00e3o do lado de fora for\u00e7am a entrada quando chove e ficam espremidos, comprometendo o conforto e a seguran\u00e7a. O mesmo acontece nos dias de calor.<\/p>\n<p>O p\u00e1roco montou um conselho com representantes de todos os bairros para definir e iniciar um estudo para o projeto de reforma.<\/p>\n<p>A ideia inicial era preservar apenas a fachada ou deixar as caracter\u00edsticas \u201cparecidas\u201d. As laterais e o interior seriam mudados. No entanto, antes mesmo de ser confirmada, a reforma virou pol\u00eamica e ganhou as redes sociais. Depois disso, o Minist\u00e9rio P\u00fablico entrou no caso, e a Justi\u00e7a proibiu qualquer interven\u00e7\u00e3o que provocasse a descaracteriza\u00e7\u00e3o.<\/p>\n<p>Tamb\u00e9m mandou a par\u00f3quia reparar toda a rede el\u00e9trica do im\u00f3vel em 30 dias, sob pena de interdi\u00e7\u00e3o. Um laudo t\u00e9cnico elaborado pela Promotoria Estadual de Defesa do Patrim\u00f4nio Cultural e Tur\u00edstico de Minas Gerais atestou o valor hist\u00f3rico, paisag\u00edstico e simb\u00f3lico do templo religioso, como tamb\u00e9m a necessidade de reforma da parte el\u00e9trica.<\/p>\n<p><img decoding=\"async\" src=\"http:\/\/aconteceunovale.com.br\/portal\/wp-content\/uploads\/2014\/12\/igreja_subterranea_timoteo.jpg\" alt=\"\" \/><em>Perspectivas do anexo da igreja, que ser\u00e1 constru\u00eddo sob a capela &#8211; Foto: Divulga\u00e7\u00e3o<\/em><br \/>\n<\/br><\/p>\n<h4>Obras<\/h4>\n<p>A igreja subterr\u00e2nea de Tim\u00f3teo ter\u00e1 1.200 assentos, al\u00e9m de outros espa\u00e7os. O in\u00edcio da obra depende da aprova\u00e7\u00e3o do projeto arquitet\u00f4nico, apresentado \u00e0 prefeitura em setembro deste ano.<\/p>\n<p>Segundo o arquiteto C\u00e1ssio de Lucena, que assina o projeto junto com Vin\u00edcius \u00c1vila, uma alternativa avaliada foi construir ao lado, mas a igrejinha ficaria sufocada e a paisagem arquitet\u00f4nica, alterada. <\/p>\n<p>Lucena explica que um conceito muito forte que veio somar \u00e0 decis\u00e3o t\u00e9cnica de amplia\u00e7\u00e3o para o subsolo foi o da \u00e1rvore de raiz invertida. Nele, as ra\u00edzes representam a origem do ser e a copa a evolu\u00e7\u00e3o do indiv\u00edduo, met\u00e1fora que pode ser transposta para a solu\u00e7\u00e3o adotada para o projeto arquitet\u00f4nico no qual a mem\u00f3ria e a hist\u00f3ria estariam representadas pela Igrejinha (raiz) e a evolu\u00e7\u00e3o representada pela amplia\u00e7\u00e3o para o subsolo (copa).<\/p>\n<h4>Arrecada\u00e7\u00e3o<\/h4>\n<p>O padre Pacifal Jos\u00e9 do Nascimento est\u00e1 maravilhado com a constru\u00e7\u00e3o e revela que espera apenas a aprova\u00e7\u00e3o do projeto pela prefeitura para come\u00e7ar a campanha de arrecada\u00e7\u00e3o do dinheiro. \u201cA solu\u00e7\u00e3o \u00e9 criativa, maravilhosa. Essa n\u00e3o ser\u00e1 a primeira grande obra da minha vida. Confio, principalmente, na boa vontade dos fi\u00e9is com as doa\u00e7\u00f5es\u201d.<\/p>\n<p>A expectativa do padre \u00e9 a de que a obra seja inaugurada em tr\u00eas anos. Segundo o religioso, se existe alguma igreja subterr\u00e2nea no pa\u00eds, n\u00e3o h\u00e1 registros oficiais. <\/p>\n<p>\u201cA ideia \u00e9 diferente, ousada. Se fizerem mesmo, vai ser muito bom para a cidade. Mas ser\u00e1 que v\u00e3o conseguir direcionar bem a \u00e1gua da chuva que desce pelas bocas de lobo? Essa cidade tem muitos problemas de infraestrutura\u201d, questiona o comerciante Sebastian Madeira, de 45 anos.<\/p>\n<p>\u201cVai ser uma mistura do velho com o novo, que ficar\u00e1 escondido no subsolo. Se for seguro, vai resolver o problema da falta de espa\u00e7o e atrair turistas\u201d, acredita o ajudante Adilson Irias, de 44 anos. Na mesma mesa de jogos que fica na pra\u00e7a em frente \u00e0 igrejinha, Jos\u00e9 Cirilo Siqueira, de 69 anos, ouvia desconfiado. \u201cSe ficar pronta, vai ser muito curioso\u201d.<\/p>\n<p>De acordo com informa\u00e7\u00f5es do Instituto Estadual do Patrim\u00f4nio Hist\u00f3rico e Art\u00edstico de Minas Gerais (Iepha), n\u00e3o existe, no Brasil, igrejas subterr\u00e2neas, o que tornar\u00e1 a de Tim\u00f3teo in\u00e9dita em Minas Gerais e no pa\u00eds. A prefeitura de Tim\u00f3teo ainda n\u00e3o se posicionou sobre a aprova\u00e7\u00e3o do projeto arquitet\u00f4nico e tombamento da Igreja S\u00e3o Jos\u00e9.<\/p>\n<p><strong><em>(Fonte: Hoje em Dia)<\/em><\/strong><\/p>\n","protected":false},"excerpt":{"rendered":"<p>A luta pela conserva\u00e7\u00e3o das caracter\u00edsticas hist\u00f3ricas da Igreja S\u00e3o Jos\u00e9, que seria ampliada para comportar o n\u00famero de fi\u00e9is em Tim\u00f3teo, no Vale do A\u00e7o, fez nascer uma iniciativa in\u00e9dita no pa\u00eds: a constru\u00e7\u00e3o de um templo subterr\u00e2neo, bem debaixo da capela, de 1947. O projeto est\u00e1 or\u00e7ado em cerca de R$ 3 milh\u00f5es, [&hellip;]<\/p>\n","protected":false},"author":1,"featured_media":47551,"comment_status":"open","ping_status":"closed","sticky":false,"template":"","format":"standard","meta":{"amp_status":"","footnotes":""},"categories":[121],"tags":[26186,26183,1018,26180,26181,26182,26187,26185,26179,1105,26178,26177,26184],"class_list":["post-47550","post","type-post","status-publish","format-standard","has-post-thumbnail","hentry","category-leste","tag-adilson-irias","tag-cassio-de-lucena","tag-destaque","tag-igreja-sao-jose","tag-igreja-sao-jose-de-timoteo","tag-igrejinha-da-praca-de-timoteo","tag-jose-cirilo-siqueira","tag-padre-pacifal-jose-do-nascimento","tag-primeira-igreja-subterranea-do-brasil","tag-timoteo","tag-timoteo-deve-ganhar-a-primeira-igreja-subterranea-do-brasil","tag-timoteo-deve-ganhar-a-primeira-igreja-subterranea-do-pais","tag-vinicius-avila"],"_links":{"self":[{"href":"https:\/\/aconteceunovale.com.br\/portal\/index.php?rest_route=\/wp\/v2\/posts\/47550","targetHints":{"allow":["GET"]}}],"collection":[{"href":"https:\/\/aconteceunovale.com.br\/portal\/index.php?rest_route=\/wp\/v2\/posts"}],"about":[{"href":"https:\/\/aconteceunovale.com.br\/portal\/index.php?rest_route=\/wp\/v2\/types\/post"}],"author":[{"embeddable":true,"href":"https:\/\/aconteceunovale.com.br\/portal\/index.php?rest_route=\/wp\/v2\/users\/1"}],"replies":[{"embeddable":true,"href":"https:\/\/aconteceunovale.com.br\/portal\/index.php?rest_route=%2Fwp%2Fv2%2Fcomments&post=47550"}],"version-history":[{"count":0,"href":"https:\/\/aconteceunovale.com.br\/portal\/index.php?rest_route=\/wp\/v2\/posts\/47550\/revisions"}],"wp:featuredmedia":[{"embeddable":true,"href":"https:\/\/aconteceunovale.com.br\/portal\/index.php?rest_route=\/wp\/v2\/media\/47551"}],"wp:attachment":[{"href":"https:\/\/aconteceunovale.com.br\/portal\/index.php?rest_route=%2Fwp%2Fv2%2Fmedia&parent=47550"}],"wp:term":[{"taxonomy":"category","embeddable":true,"href":"https:\/\/aconteceunovale.com.br\/portal\/index.php?rest_route=%2Fwp%2Fv2%2Fcategories&post=47550"},{"taxonomy":"post_tag","embeddable":true,"href":"https:\/\/aconteceunovale.com.br\/portal\/index.php?rest_route=%2Fwp%2Fv2%2Ftags&post=47550"}],"curies":[{"name":"wp","href":"https:\/\/api.w.org\/{rel}","templated":true}]}}