{"id":47368,"date":"2014-12-06T12:07:02","date_gmt":"2014-12-06T15:07:02","guid":{"rendered":"http:\/\/aconteceunovale.com.br\/portal\/?p=47368"},"modified":"2014-12-06T12:07:02","modified_gmt":"2014-12-06T15:07:02","slug":"homem-de-39-anos-e-morto-com-paulada-na-cabeca-em-teofilo-otoni","status":"publish","type":"post","link":"https:\/\/aconteceunovale.com.br\/portal\/?p=47368","title":{"rendered":"Homem de 39 anos \u00e9 morto com paulada na cabe\u00e7a em Te\u00f3filo Otoni"},"content":{"rendered":"<h4><strong><em>Homem foi atingido com uma paulada na cabe\u00e7a durante uma briga. Corpo foi encontrado na cal\u00e7ada da Rua Maur\u00edcio Soriano de Souza.<\/em><\/strong><\/h4>\n<p>Um ajudante de pedreiro de 39 anos foi morto a pauladas na madrugada deste s\u00e1bado, 6 de dezembro, no Alto Bela Vista, em Te\u00f3filo Otoni, no Vale do Mucuri. <\/p>\n<p>De acordo com o Instituto M\u00e9dico Legal da cidade, testemunhas relataram que a v\u00edtima Pedro Dias de Oliveira estava em um bar na Rua Maur\u00edcio Soriano de Souza, apresentando estado de embriaguez e discutindo por motivo f\u00fatil. Ainda segundo o IML, em determinado momento um homem, j\u00e1 identificado pela Pol\u00edcia Militar, com um peda\u00e7o de madeira, desferiu um golpe na cabe\u00e7a de Pedro.  <\/p>\n<p>A v\u00edtima ainda teria caminhado por cerca de 150 metros, mas n\u00e3o resistiu aos ferimentos e caiu na cal\u00e7ada. O corpo foi recolhido ao IML, onde o legista Camilo Frizzera concluiu a causa da morte como sendo traumatismo craniano provocado por instrumento contundente.<\/p>\n<p>O autor ainda n\u00e3o foi presto. O homic\u00eddio ser\u00e1 investigado pelo delgado Jo\u00e3o Augusto Ferraz.<\/p>\n<p><img decoding=\"async\" src=\"http:\/\/aconteceunovale.com.br\/portal\/wp-content\/uploads\/2014\/12\/morto_teo2.jpg\" alt=\"\" \/><em>Homem foi morto com paulada na cabe\u00e7a &#8211; Foto: IML de Te\u00f3filo Otoni\/Informativo<\/em><\/p>\n","protected":false},"excerpt":{"rendered":"<p>Homem foi atingido com uma paulada na cabe\u00e7a durante uma briga. Corpo foi encontrado na cal\u00e7ada da Rua Maur\u00edcio Soriano de Souza. Um ajudante de pedreiro de 39 anos foi morto a pauladas na madrugada deste s\u00e1bado, 6 de dezembro, no Alto Bela Vista, em Te\u00f3filo Otoni, no Vale do Mucuri. De acordo com o [&hellip;]<\/p>\n","protected":false},"author":1,"featured_media":42404,"comment_status":"open","ping_status":"closed","sticky":false,"template":"","format":"standard","meta":{"amp_status":"","footnotes":""},"categories":[122],"tags":[25836,25839,19571,25837,164,25838],"class_list":["post-47368","post","type-post","status-publish","format-standard","has-post-thumbnail","hentry","category-mucuri","tag-homem-de-39-anos-e-morto-com-paulada-na-cabeca-em-teofilo-otoni","tag-homem-morto-no-alto-bela-vista-em-teofilo-otoni","tag-homicidio-em-teofilo-otoni","tag-pedro-dias-de-oliveira","tag-teofilo-otoni","tag-ze-pedreirinho"],"_links":{"self":[{"href":"https:\/\/aconteceunovale.com.br\/portal\/index.php?rest_route=\/wp\/v2\/posts\/47368","targetHints":{"allow":["GET"]}}],"collection":[{"href":"https:\/\/aconteceunovale.com.br\/portal\/index.php?rest_route=\/wp\/v2\/posts"}],"about":[{"href":"https:\/\/aconteceunovale.com.br\/portal\/index.php?rest_route=\/wp\/v2\/types\/post"}],"author":[{"embeddable":true,"href":"https:\/\/aconteceunovale.com.br\/portal\/index.php?rest_route=\/wp\/v2\/users\/1"}],"replies":[{"embeddable":true,"href":"https:\/\/aconteceunovale.com.br\/portal\/index.php?rest_route=%2Fwp%2Fv2%2Fcomments&post=47368"}],"version-history":[{"count":0,"href":"https:\/\/aconteceunovale.com.br\/portal\/index.php?rest_route=\/wp\/v2\/posts\/47368\/revisions"}],"wp:featuredmedia":[{"embeddable":true,"href":"https:\/\/aconteceunovale.com.br\/portal\/index.php?rest_route=\/wp\/v2\/media\/42404"}],"wp:attachment":[{"href":"https:\/\/aconteceunovale.com.br\/portal\/index.php?rest_route=%2Fwp%2Fv2%2Fmedia&parent=47368"}],"wp:term":[{"taxonomy":"category","embeddable":true,"href":"https:\/\/aconteceunovale.com.br\/portal\/index.php?rest_route=%2Fwp%2Fv2%2Fcategories&post=47368"},{"taxonomy":"post_tag","embeddable":true,"href":"https:\/\/aconteceunovale.com.br\/portal\/index.php?rest_route=%2Fwp%2Fv2%2Ftags&post=47368"}],"curies":[{"name":"wp","href":"https:\/\/api.w.org\/{rel}","templated":true}]}}