{"id":47365,"date":"2014-12-06T11:44:14","date_gmt":"2014-12-06T14:44:14","guid":{"rendered":"http:\/\/aconteceunovale.com.br\/portal\/?p=47365"},"modified":"2014-12-06T11:44:14","modified_gmt":"2014-12-06T14:44:14","slug":"acidente-entre-dois-veiculos-deixa-seis-mortos-e-tres-feridos-na-br-262","status":"publish","type":"post","link":"https:\/\/aconteceunovale.com.br\/portal\/?p=47365","title":{"rendered":"Acidente entre dois ve\u00edculos deixa seis mortos e tr\u00eas feridos na BR-262"},"content":{"rendered":"<h4><strong><em>Acidente aconteceu nesta madrugada. Pista da rodovia estava molhada, devido a chuva que atingiu a regi\u00e3o nessa sexta-feira (5)<\/em><\/strong><\/h4>\n<p>Seis pessoas morreram e tr\u00eas ficaram feridas em um acidente ocorrido na madrugada deste s\u00e1bado, 6 de dezembro, na BR-262, a 15 quil\u00f4metros de Luz, no Centro-Oeste de Minas.<\/p>\n<p><img decoding=\"async\" src=\"http:\/\/aconteceunovale.com.br\/portal\/wp-content\/uploads\/2014\/12\/acidente_luz_6_12.jpg\" alt=\"\" \/><em>Um dos carros ficou destru\u00eddo (Foto: Pol\u00edcia Rodovi\u00e1ria Federal\/Divulga\u00e7\u00e3o)<\/em><br \/>\n<\/br><\/p>\n<p>De acordo com a Pol\u00edcia Rodovi\u00e1ria Federal (PRF), a batida aconteceu por volta das 1h, na altura do KM 546. A din\u00e2mica do acidente ainda n\u00e3o foi informada. Apenas se sabe que um dos carros rodou na pista, que estava molhada, devido a chuva que atingiu a regi\u00e3o nessa sexta-feira (5).<\/p>\n<p>O Honda Classic, com placas de Contagem, tinha cinco ocupantes. Destes os passageiros L\u00eddia Louren\u00e7o Souza, 48, Luci Louren\u00e7o Ribeiro, 56, e Levi Louren\u00e7o Dias, 84, morreram no local. Um quarto passageiro, Jhonatan Alex Silva, 41, e o motorista M\u00e1rio Luiz do Carmo, 38, tiveram ferimentos.<\/p>\n<p>J\u00e1 no Fiat Uno, de Bom Despacho, estava com quatro pessoas: o condutor Edmar Teodoro, 57, Concei\u00e7\u00e3o Bento da Silva Teodoro e Gilmar Bento Geraldo faleceram na estrada. Apenas F.A.S.F., de 9 anos, salvou-se.<\/p>\n<p>Os corpos foram encaminhados para o Instituto M\u00e9dico Legal (IML) de Luz e os ferido foram socorridos por uma equipe do Corpo de Bombeiros para o Hospital Senhora Aparecida de Luz. De acordo com a unidade de sa\u00fade, todos est\u00e3o est\u00e1veis e n\u00e3o correm risco de morrer. <\/p>\n<p><em>(O Tempo Online)<\/em><\/p>\n","protected":false},"excerpt":{"rendered":"<p>Acidente aconteceu nesta madrugada. Pista da rodovia estava molhada, devido a chuva que atingiu a regi\u00e3o nessa sexta-feira (5) Seis pessoas morreram e tr\u00eas ficaram feridas em um acidente ocorrido na madrugada deste s\u00e1bado, 6 de dezembro, na BR-262, a 15 quil\u00f4metros de Luz, no Centro-Oeste de Minas. Um dos carros ficou destru\u00eddo (Foto: Pol\u00edcia [&hellip;]<\/p>\n","protected":false},"author":1,"featured_media":47366,"comment_status":"open","ping_status":"closed","sticky":false,"template":"","format":"standard","meta":{"amp_status":"","footnotes":""},"categories":[123],"tags":[25827,25826,25825,25824,25823,1510,25834,956,25833,25835,25831,25830,25828,25829,1785,25832],"class_list":["post-47365","post","type-post","status-publish","format-standard","has-post-thumbnail","hentry","category-gerais","tag-acidente-com-carro-de-bom-despacho","tag-acidente-com-carro-de-contagem","tag-acidente-em-luz","tag-acidente-entre-dois-veiculos-deixa-seis-mortos-e-tres-feridos-em-luz","tag-acidente-entre-dois-veiculos-deixa-seis-mortos-e-tres-feridos-na-br-262","tag-bom-despacho","tag-conceicao-bento-da-silva-teodoro","tag-contagem","tag-edmar-teodoro","tag-gilmar-bento-geraldo","tag-jhonatan-alex-silva","tag-levi-lourenco-dias","tag-lidia-lourenco-souza","tag-luci-lourenco-ribeiro","tag-luz","tag-mario-luiz-do-carmo"],"_links":{"self":[{"href":"https:\/\/aconteceunovale.com.br\/portal\/index.php?rest_route=\/wp\/v2\/posts\/47365","targetHints":{"allow":["GET"]}}],"collection":[{"href":"https:\/\/aconteceunovale.com.br\/portal\/index.php?rest_route=\/wp\/v2\/posts"}],"about":[{"href":"https:\/\/aconteceunovale.com.br\/portal\/index.php?rest_route=\/wp\/v2\/types\/post"}],"author":[{"embeddable":true,"href":"https:\/\/aconteceunovale.com.br\/portal\/index.php?rest_route=\/wp\/v2\/users\/1"}],"replies":[{"embeddable":true,"href":"https:\/\/aconteceunovale.com.br\/portal\/index.php?rest_route=%2Fwp%2Fv2%2Fcomments&post=47365"}],"version-history":[{"count":0,"href":"https:\/\/aconteceunovale.com.br\/portal\/index.php?rest_route=\/wp\/v2\/posts\/47365\/revisions"}],"wp:featuredmedia":[{"embeddable":true,"href":"https:\/\/aconteceunovale.com.br\/portal\/index.php?rest_route=\/wp\/v2\/media\/47366"}],"wp:attachment":[{"href":"https:\/\/aconteceunovale.com.br\/portal\/index.php?rest_route=%2Fwp%2Fv2%2Fmedia&parent=47365"}],"wp:term":[{"taxonomy":"category","embeddable":true,"href":"https:\/\/aconteceunovale.com.br\/portal\/index.php?rest_route=%2Fwp%2Fv2%2Fcategories&post=47365"},{"taxonomy":"post_tag","embeddable":true,"href":"https:\/\/aconteceunovale.com.br\/portal\/index.php?rest_route=%2Fwp%2Fv2%2Ftags&post=47365"}],"curies":[{"name":"wp","href":"https:\/\/api.w.org\/{rel}","templated":true}]}}