{"id":47355,"date":"2014-12-06T10:53:14","date_gmt":"2014-12-06T13:53:14","guid":{"rendered":"http:\/\/aconteceunovale.com.br\/portal\/?p=47355"},"modified":"2014-12-06T10:54:56","modified_gmt":"2014-12-06T13:54:56","slug":"prefeitura-de-timoteo-abre-inscricoes-para-preenchimento-de-212-vagas-na-area-da-educacao","status":"publish","type":"post","link":"https:\/\/aconteceunovale.com.br\/portal\/?p=47355","title":{"rendered":"Prefeitura de Tim\u00f3teo abre inscri\u00e7\u00f5es para preenchimento de 212 vagas na \u00e1rea da educa\u00e7\u00e3o"},"content":{"rendered":"<h4><strong><em>Candidatos poder\u00e3o se inscrever de 8 de dezembro a 8 de janeiro. S\u00e3o ofertadas 212 vagas na \u00e1rea da Educa\u00e7\u00e3o com sal\u00e1rios de at\u00e9 R$ 2.248<\/em><\/strong><\/h4>\n<p>A Prefeitura de Tim\u00f3teo abre na pr\u00f3xima segunda-feira, 8, a partir das 10h, as inscri\u00e7\u00f5es para concurso p\u00fablico na \u00e1rea da Educa\u00e7\u00e3o, ofertando 212 vagas. Os interessados podem se inscrever at\u00e9 as 23h59 do dia 8 de janeiro de 2015 atrav\u00e9s do site <a href=\"http:\/\/www.imam.org.br\" target=\"_blank\">www.imam.org.br<\/a>.<\/p>\n<p>S\u00e3o oferecidas 17 vagas para os anos iniciais do ensino fundamental, 47 vagas para o n\u00edvel fundamental completo, 19 para o n\u00edvel m\u00e9dio completo e 129 para n\u00edvel superior. Os sal\u00e1rios iniciais variam de R$ 811,31 a R$ 2.247,98, de acordo com a legisla\u00e7\u00e3o vigente, segundo a Prefeitura.<\/p>\n<p>A prova est\u00e1 prevista para ser realizada no dia 7 e\/ou 8 de mar\u00e7o de 2015. O local e hor\u00e1rio das provas ser\u00e3o definidos no cart\u00e3o de inscri\u00e7\u00e3o e poder\u00e3o ser consultados via internet, pelo site da IMAM, at\u00e9 dez dias antes da realiza\u00e7\u00e3o do teste. O processo de sele\u00e7\u00e3o tem validade de dois anos e pode ser renovado por mais dois anos. O edital est\u00e1 dispon\u00edvel no site da prefeitura atrav\u00e9s do link <a href=\"http:\/\/www.timoteo.mg.gov.br\" target=\"_blank\">www.timoteo.mg.gov.br<\/a>.<\/p>\n","protected":false},"excerpt":{"rendered":"<p>Candidatos poder\u00e3o se inscrever de 8 de dezembro a 8 de janeiro. S\u00e3o ofertadas 212 vagas na \u00e1rea da Educa\u00e7\u00e3o com sal\u00e1rios de at\u00e9 R$ 2.248 A Prefeitura de Tim\u00f3teo abre na pr\u00f3xima segunda-feira, 8, a partir das 10h, as inscri\u00e7\u00f5es para concurso p\u00fablico na \u00e1rea da Educa\u00e7\u00e3o, ofertando 212 vagas. Os interessados podem se [&hellip;]<\/p>\n","protected":false},"author":1,"featured_media":13951,"comment_status":"open","ping_status":"closed","sticky":false,"template":"","format":"standard","meta":{"amp_status":"","footnotes":""},"categories":[121],"tags":[700,19105,25802,25803,25801,25800,1105],"class_list":["post-47355","post","type-post","status-publish","format-standard","has-post-thumbnail","hentry","category-leste","tag-concurso-publico","tag-concurso-publico-da-prefeitura-de-timoteo","tag-concurso-publico-educacao","tag-concurso-publico-no-vale-do-aco","tag-concurso-publico-timoteo","tag-prefeitura-de-timoteo-abre-inscricoes-para-preenchimento-de-212-vagas-na-area-da-educacao","tag-timoteo"],"_links":{"self":[{"href":"https:\/\/aconteceunovale.com.br\/portal\/index.php?rest_route=\/wp\/v2\/posts\/47355","targetHints":{"allow":["GET"]}}],"collection":[{"href":"https:\/\/aconteceunovale.com.br\/portal\/index.php?rest_route=\/wp\/v2\/posts"}],"about":[{"href":"https:\/\/aconteceunovale.com.br\/portal\/index.php?rest_route=\/wp\/v2\/types\/post"}],"author":[{"embeddable":true,"href":"https:\/\/aconteceunovale.com.br\/portal\/index.php?rest_route=\/wp\/v2\/users\/1"}],"replies":[{"embeddable":true,"href":"https:\/\/aconteceunovale.com.br\/portal\/index.php?rest_route=%2Fwp%2Fv2%2Fcomments&post=47355"}],"version-history":[{"count":0,"href":"https:\/\/aconteceunovale.com.br\/portal\/index.php?rest_route=\/wp\/v2\/posts\/47355\/revisions"}],"wp:featuredmedia":[{"embeddable":true,"href":"https:\/\/aconteceunovale.com.br\/portal\/index.php?rest_route=\/wp\/v2\/media\/13951"}],"wp:attachment":[{"href":"https:\/\/aconteceunovale.com.br\/portal\/index.php?rest_route=%2Fwp%2Fv2%2Fmedia&parent=47355"}],"wp:term":[{"taxonomy":"category","embeddable":true,"href":"https:\/\/aconteceunovale.com.br\/portal\/index.php?rest_route=%2Fwp%2Fv2%2Fcategories&post=47355"},{"taxonomy":"post_tag","embeddable":true,"href":"https:\/\/aconteceunovale.com.br\/portal\/index.php?rest_route=%2Fwp%2Fv2%2Ftags&post=47355"}],"curies":[{"name":"wp","href":"https:\/\/api.w.org\/{rel}","templated":true}]}}