{"id":47349,"date":"2014-12-06T10:24:17","date_gmt":"2014-12-06T13:24:17","guid":{"rendered":"http:\/\/aconteceunovale.com.br\/portal\/?p=47349"},"modified":"2014-12-06T10:24:17","modified_gmt":"2014-12-06T13:24:17","slug":"emater-mg-completa-66-anos-com-atendimento-a-400-mil-familias-de-agricultores-no-estado","status":"publish","type":"post","link":"https:\/\/aconteceunovale.com.br\/portal\/?p=47349","title":{"rendered":"Emater-MG completa 66 anos com atendimento a 400 mil fam\u00edlias de agricultores no Estado"},"content":{"rendered":"<h4><strong><em>Empresa de Assist\u00eancia T\u00e9cnica e Extens\u00e3o Rural de Minas Gerais, a primeira do setor no pa\u00eds, est\u00e1 presente em 93% dos munic\u00edpios mineiros<\/em><\/strong><\/h4>\n<p>A\u00a0<a href=\"http:\/\/www.emater.mg.gov.br\/\" target=\"_blank\">Empresa de Assist\u00eancia T\u00e9cnica e Extens\u00e3o Rural de Minas Gerais (Emater-MG)<\/a>\u00a0completa 66 anos de exist\u00eancia neste s\u00e1bado (06\/12) &#8211; Dia do Extensionista Rural &#8211; e se consolida como refer\u00eancia em todo o pa\u00eds na sua \u00e1rea de atua\u00e7\u00e3o. Ela foi a primeira empresa do setor no Brasil e, hoje, est\u00e1 presente em 789 munic\u00edpios, o que corresponde a 93% do Estado.<\/p>\n<p>Os escrit\u00f3rios da Emater-MG garantem o atendimento a 400 mil fam\u00edlias de agricultores. Em m\u00e9dia, os agricultores familiares atendidos pelo servi\u00e7o de assist\u00eancia t\u00e9cnica t\u00eam renda quatro vezes maior que os demais. Isso significa ganho de produtividade e melhoria de vida da popula\u00e7\u00e3o. Al\u00e9m dos servi\u00e7os de assist\u00eancia t\u00e9cnica, a Emater-MG desenvolve programas e projetos que geram resultados ambientais, sociais e econ\u00f4micos.<\/p>\n<p><img decoding=\"async\" src=\"http:\/\/aconteceunovale.com.br\/portal\/wp-content\/uploads\/2014\/12\/emater-mg-completa-66-anos-com-atendimento-a-400-mil-familias-de-agricultores-no-estado.jpg\" alt=\"\" \/><em>Emater-MG est\u00e1 presente em 789 cidades &#8211; Foto: Alexandre Soares\/Emater-MG<\/em><br \/>\n<\/br><\/p>\n<h4><strong>Solenidade comemorativa<\/strong><\/h4>\n<p>Na sexta-feira (05\/12), na sede da Empresa, foi realizado um evento para celebrar o anivers\u00e1rio, mas tamb\u00e9m para a entrega de medalhas e diplomas por tempo de servi\u00e7o a funcion\u00e1rios de 40, 30, 35, 25 e 20 anos de casa. Entidades e \u00f3rg\u00e3os parceiros da empresa tamb\u00e9m foram homenageados, por meio de seus representantes, com a placa \u201cParceiro Destaque\u201d, em reconhecimento a trabalhos desenvolvidos com a Emater-MG.<\/p>\n<p>Outra atividade do evento foi a entrega a extensionistas da empresa, das chaves de quinze novos ve\u00edculos Sandero, quatro portas, com ar condicionado. Os carros, adquiridos por meio de conv\u00eanio com o Minist\u00e9rio da Pesca e Aquicultura, ser\u00e3o utilizados em servi\u00e7os prestados pela Emater-MG a aquicultores e pescadores artesanais do Estado mineiro.<\/p>\n<p>Al\u00e9m de funcion\u00e1rios e parceiros da Emater-MG, marcaram presen\u00e7a na cerim\u00f4nia, o\u00a0<a href=\"http:\/\/www.agricultura.mg.gov.br\/\" target=\"_blank\">secret\u00e1rio de Agricultura, Pecu\u00e1ria e Abastecimento, Andr\u00e9 Merlo<\/a>, o presidente da Casa e da Associa\u00e7\u00e3o Brasileira das Entidades Estaduais de Assist\u00eancia T\u00e9cnica e Extens\u00e3o Rural (Asbraer), Jos\u00e9 Ricardo Roseno, entre outras autoridades, lideran\u00e7as dos setor e demais convidados.<\/p>\n<p>Falando em nome do governador Alberto Pinto Coelho, o secret\u00e1rio Andr\u00e9 Merlo ressaltou a boa gest\u00e3o da empresa, vinculada \u00e0 Secretaria de Agricultura, Pecu\u00e1ria e Abastecimento. Segundo Merlo, a Emater-MG \u00e9 uma inspira\u00e7\u00e3o para outros servi\u00e7os de extens\u00e3o rural do pa\u00eds. \u201cEm outros estados as empresas de extens\u00e3o rural sucumbiram por problemas de gest\u00e3o, enquanto a Emater-MG \u00e9 modelo no trabalho de assist\u00eancia ao produtor rural\u201d, frisou. O secret\u00e1rio foi contemplado com a placa Parceiro Destaque, recebendo a homenagem das m\u00e3os do presidente Jos\u00e9 Ricardo Roseno.<\/p>\n<p>J\u00e1 o presidente Jos\u00e9 Ricardo Roseno exaltou as conquistas e resultados da empresa nos \u00faltimos 66 anos. \u201cTemos orgulho de celebrar, pois a Emater \u00e9 uma empresa s\u00f3lida e que tem credibilidade, sendo capaz de se reiventar diariamente para superar os desafios da atualidade com otimiza\u00e7\u00e3o de recursos, pois conta com uma equipe de profissionais engajados\u201d. Roseno lembrou que as principais pol\u00edticas dos governos municipais, estadual e federal s\u00e3o integradas e executadas pela empresa mineira. \u201cA empresa \u00e9 fonte para informa\u00e7\u00f5es oficiais que subsidiam planos de Governo\u201d, argumentou, lembrando o Sistema de Safra Agr\u00edcola da Casa, recentemente restruturado para ajudar administrar programas e a\u00e7\u00f5es estrat\u00e9gicas como ICMS Solid\u00e1rio e Cr\u00e9dito Rural.<\/p>\n<p>Conhe\u00e7a, a seguir, os principais programas desenvolvidos pela Empresa.<\/p>\n<h4><strong>Minas Sem Fome\u00a0<\/strong><\/h4>\n<p>Com o Programa Minas Sem Fome foram beneficiados, nos \u00faltimos dois anos, 250 mil agricultores com projetos de horticultura, avicultura, apicultura, abastecimento de \u00e1gua e outros. O Minas Sem Fome \u00e9 um programa do\u00a0<a href=\"http:\/\/www.mg.gov.br\/\" target=\"_blank\">Governo de Minas<\/a>, gerenciado pela Emater-MG, com o objetivo de implementar a\u00e7\u00f5es que contribuam para a inclus\u00e3o da popula\u00e7\u00e3o de baixa renda no processo produtivo, especialmente agricultores familiares.<\/p>\n<p>O programa incentiva a produ\u00e7\u00e3o de alimentos, agrega\u00e7\u00e3o de valor e gera\u00e7\u00e3o de renda, visando \u00e0 melhoria das condi\u00e7\u00f5es de seguran\u00e7a alimentar e nutricional. A Emater\u2013MG \u00e9 respons\u00e1vel pela mobiliza\u00e7\u00e3o dos agricultores, assist\u00eancia t\u00e9cnica, compra e distribui\u00e7\u00e3o dos insumos.<\/p>\n<h4><strong>Certifica Minas Caf\u00e9<\/strong><\/h4>\n<p>Na cafeicultura, a Emater-MG desenvolve o programa Certifica Minas Caf\u00e9, em conjunto com a\u00a0<a href=\"http:\/\/www.agricultura.mg.gov.br\/\" target=\"_blank\">Secretaria de Estado de Agricultura, Agropecu\u00e1ria e Abastecimento (Seapa)<\/a>\u00a0e\u00a0<a href=\"http:\/\/www.ima.mg.gov.br\/\" target=\"_blank\">Instituto Mineiro de Agropecu\u00e1ria (IMA)<\/a>. A Emater-MG orienta os produtores para a adequa\u00e7\u00e3o das propriedades \u00e0s boas pr\u00e1ticas agr\u00edcolas em todos os est\u00e1gios da produ\u00e7\u00e3o, atendendo tamb\u00e9m normas ambientais e trabalhistas reconhecidas internacionalmente.<\/p>\n<p>No final do processo, a propriedade passa por uma auditoria independente e recebe um certificado. Atualmente, Minas conta com 1633 propriedades certificadas em 214 munic\u00edpios. O Estado \u00e9 o maior produtor nacional de caf\u00e9 e responde por cerca de 50% da safra brasileira.<\/p>\n<h4><strong>Minas Leite<\/strong><\/h4>\n<p>Minas tamb\u00e9m \u00e9 o principal produtor brasileiro de leite. Nesta \u00e1rea, a Emater-MG desenvolve o Minas Leite. O programa investe na qualifica\u00e7\u00e3o gerencial e t\u00e9cnica das propriedades, gerando ganhos econ\u00f4micos, sociais e ambientais. S\u00e3o priorizadas propriedades com produ\u00e7\u00e3o de at\u00e9 200 litros de leite\/dia.<\/p>\n<p>Atualmente, o programa conta com 1160 propriedades cadastradas, distribu\u00eddas em 386 munic\u00edpios. Cada propriedade atendida pelo Minas Leite serve de modelo para outras dez propriedades vizinhas, o que garante um efeito multiplicador das a\u00e7\u00f5es do programa.<\/p>\n<h4><strong>PNAE e PAA<\/strong><\/h4>\n<p>A Emater-MG tamb\u00e9m orientou, nos \u00faltimos dois anos, 17 mil agricultores para fornecimento de produtos ao Programa Nacional de Alimenta\u00e7\u00e3o Escolar (PNAE) e ao Programa de Aquisi\u00e7\u00e3o de Alimentos (PAA). O PNAE \u00e9 um programa do governo federal que estabelece que 30% dos recursos para a merenda escolar sejam destinados \u00e0 compra de g\u00eaneros aliment\u00edcios produzidos por agricultores familiares. J\u00e1 no PAA, os produtos da agricultura familiar s\u00e3o adquiridos pela Companhia Nacional de Abastecimento (Conab) e distribu\u00eddos para creches, asilos, escolas p\u00fablicas e institui\u00e7\u00f5es assistenciais.<\/p>\n<h4><strong>Centros de Comercializa\u00e7\u00e3o e Capacita\u00e7\u00e3o<\/strong><\/h4>\n<p>O trabalho desenvolvido pela Emater-MG tamb\u00e9m proporcionou a inaugura\u00e7\u00e3o dos Centros de Qualidade do Queijo Minas Artesanal de Medeiros e do Rio Parana\u00edba, do Centro Vocacional Tecnol\u00f3gico da Agricultura Familiar de Ponto dos Volantes e do Centro de Comercializa\u00e7\u00e3o da Agricultura Familiar de S\u00e3o Francisco. S\u00e3o espa\u00e7os estruturados gra\u00e7as a diversas parcerias desenvolvidas pela Emater-MG e que possibilitam a capacita\u00e7\u00e3o e a venda dos produtos regionais pelos agricultores familiares.<\/p>\n<h4><strong>Brasil Sem Mis\u00e9ria\u00a0<\/strong><\/h4>\n<p>A Emater-MG tamb\u00e9m tem importante atua\u00e7\u00e3o no programa Brasil Sem Mis\u00e9ria, dos minist\u00e9rios de Desenvolvimento Agr\u00e1rio (MDA) e de Desenvolvimento Social (MDS). Ela faz o diagn\u00f3stico e o planejamento de projetos produtivos das fam\u00edlias que podem ser beneficiadas, al\u00e9m de orientar a execu\u00e7\u00e3o dos mesmos. Cerca de 8,2 mil fam\u00edlias, com renda de at\u00e9 R$ 77 mensais por pessoa, j\u00e1 foram assistidas pela Emater-MG. O MDA repassa os recursos a fundo perdido para a elabora\u00e7\u00e3o de projetos produtivos que gerem renda para as fam\u00edlias.<\/p>\n<h4><strong>Projeto Ja\u00edba\u00a0<\/strong><\/h4>\n<p>O Per\u00edmetro de Irriga\u00e7\u00e3o do Projeto Ja\u00edba, no Norte de Minas, est\u00e1 localizado entre o rio S\u00e3o Francisco, onde ocorreu o desvio para abastecer os canais, e o rio Verde Grande. A regi\u00e3o se destaca como importante polo produtor de fruticultura, principalmente de banana, lim\u00e3o e manga. A \u00e1rea do projeto tem aproximadamente 1.830 pequenos produtores, que recebem assist\u00eancia t\u00e9cnica da Emater-MG, al\u00e9m de 90 m\u00e9dios produtores e 55 empres\u00e1rios. A atual \u00e1rea irrigada do projeto, incluindo as etapas I e II, \u00e9 de aproximadamente 20 mil hectares.<\/p>\n<h4><strong>Preserva\u00e7\u00e3o do Rio S\u00e3o Francisco<\/strong><\/h4>\n<p>Uma das principais a\u00e7\u00f5es da Emater-MG na \u00e1rea ambiental \u00e9 a de preserva\u00e7\u00e3o da sub-bacia hidrogr\u00e1fica do Rio S\u00e3o Francisco, desenvolvida em parceria com a\u00a0<a href=\"http:\/\/www.ruralminas.mg.gov.br\/\" target=\"_blank\">Ruralminas<\/a>\u00a0e Companhia de Desenvolvimento dos Vales do S\u00e3o Francisco e do Parna\u00edba (Codevasf). Foram beneficiados 56 munic\u00edpios, com a constru\u00e7\u00e3o de barraginhas &#8211; para capta\u00e7\u00e3o da \u00e1gua da chuva &#8211; terra\u00e7os e prote\u00e7\u00e3o de nascentes. O investimento da Emater-MG no trabalho foi de aproximadamente R$ 1,5 milh\u00e3o.<\/p>\n<h4><strong>Capacita\u00e7\u00e3o<\/strong><\/h4>\n<p>A Emater-MG tamb\u00e9m ir\u00e1 proporcionar a capacita\u00e7\u00e3o de 400 t\u00e9cnicos com o curso de p\u00f3s-gradua\u00e7\u00e3o a dist\u00e2ncia em Extens\u00e3o Ambiental para o Desenvolvimento Sustent\u00e1vel. Nunca um n\u00famero t\u00e3o grande de extensionistas da empresa cursou, simultaneamente, uma especializa\u00e7\u00e3o com carga hor\u00e1ria de 360 horas.<\/p>\n<h4><strong>Infraestrutura\u00a0<\/strong><\/h4>\n<p>Para possibilitar a excel\u00eancia e a abrang\u00eancia do atendimento aos agricultores do Estado, a Emater-MG fez grandes investimentos em infraestrutura nos \u00faltimos anos. Em 2014, a empresa renovou mais de 30% da sua frota, com a aquisi\u00e7\u00e3o de quase 400 ve\u00edculos. Tamb\u00e9m neste ano, foram adquiridos 640 notebooks para o trabalho dos t\u00e9cnicos e dezenas de projetores multim\u00eddia e impressoras. O sistema de telefonia da empresa tamb\u00e9m foi modernizado.<\/p>\n<h4><strong>Emater-MG em n\u00fameros:<\/strong><\/h4>\n<p>&#8211; Munic\u00edpios atendidos: 789 (93% do Estado)<br \/>\n&#8211; Agricultores atendidos: 400 mil fam\u00edlias<br \/>\n&#8211; Programa Minas Sem Fome: 250 mil agricultores<br \/>\n&#8211; Programa Certifica Minas Caf\u00e9: 1633 propriedades em 214 munic\u00edpios<br \/>\n&#8211; Programa Minas Leite: 1160 propriedades em 386 munic\u00edpios<br \/>\n&#8211; PNAE e PAA: 17 mil agricultores<br \/>\n&#8211; Brasil Sem Mis\u00e9ria: 8,2 mil fam\u00edlias at\u00e9 novembro<br \/>\n&#8211; Projeto Ja\u00edba: 1.830 produtores atendidos<br \/>\n&#8211; Preserva\u00e7\u00e3o da sub-bacia do S\u00e3o Francisco: 56 munic\u00edpios<br \/>\n&#8211; P\u00f3s-gradua\u00e7\u00e3o a dist\u00e2ncia: 400 t\u00e9cnicos na \u00e1rea ambiental<br \/>\n&#8211; Ve\u00edculos: cerca de 400 unidades adquiridas<br \/>\n&#8211; Notebooks: 640 unidades adquiridas<\/p>\n","protected":false},"excerpt":{"rendered":"<p>Empresa de Assist\u00eancia T\u00e9cnica e Extens\u00e3o Rural de Minas Gerais, a primeira do setor no pa\u00eds, est\u00e1 presente em 93% dos munic\u00edpios mineiros A\u00a0Empresa de Assist\u00eancia T\u00e9cnica e Extens\u00e3o Rural de Minas Gerais (Emater-MG)\u00a0completa 66 anos de exist\u00eancia neste s\u00e1bado (06\/12) &#8211; Dia do Extensionista Rural &#8211; e se consolida como refer\u00eancia em todo o [&hellip;]<\/p>\n","protected":false},"author":1,"featured_media":47350,"comment_status":"open","ping_status":"closed","sticky":false,"template":"","format":"standard","meta":{"amp_status":"","footnotes":""},"categories":[123],"tags":[25789,25790,25785,3681,1018,25780,734,25779,25778,25775,25788,25777,25774,25776,25782,25781,25784,25786,25783,25787,3106,6330],"class_list":["post-47349","post","type-post","status-publish","format-standard","has-post-thumbnail","hentry","category-gerais","tag-aniversario-da-emater","tag-aniversario-de-66-anos-da-emater","tag-brasil-sem-miseria","tag-certifica-minas-cafe","tag-destaque","tag-dia-do-extensionista-rural","tag-emater","tag-emater-de-minas-gerais","tag-emater-de-minas-gerais-completa-66-anos-de-existencia-neste-sabado","tag-emater-mg","tag-emater-mg-completa-66-anos-com-atendimento-a-400-mil-familias-de-agricultores-no-estado","tag-emater-mg-completa-66-anos-de-existencia-neste-sabado","tag-empresa-de-assistencia-tecnica-e-extensao-rural-de-minas-gerais","tag-empresa-de-assistencia-tecnica-e-extensao-rural-de-minas-gerais-completa-66-anos-de-existencia-neste-sabado","tag-minas-leite","tag-minas-sem-fome","tag-paa","tag-perimetro-de-irrigacao-do-projeto-jaiba","tag-pnae","tag-preservacao-do-rio-sao-francisco","tag-projeto-jaiba","tag-rio-sao-francisco"],"_links":{"self":[{"href":"https:\/\/aconteceunovale.com.br\/portal\/index.php?rest_route=\/wp\/v2\/posts\/47349","targetHints":{"allow":["GET"]}}],"collection":[{"href":"https:\/\/aconteceunovale.com.br\/portal\/index.php?rest_route=\/wp\/v2\/posts"}],"about":[{"href":"https:\/\/aconteceunovale.com.br\/portal\/index.php?rest_route=\/wp\/v2\/types\/post"}],"author":[{"embeddable":true,"href":"https:\/\/aconteceunovale.com.br\/portal\/index.php?rest_route=\/wp\/v2\/users\/1"}],"replies":[{"embeddable":true,"href":"https:\/\/aconteceunovale.com.br\/portal\/index.php?rest_route=%2Fwp%2Fv2%2Fcomments&post=47349"}],"version-history":[{"count":0,"href":"https:\/\/aconteceunovale.com.br\/portal\/index.php?rest_route=\/wp\/v2\/posts\/47349\/revisions"}],"wp:featuredmedia":[{"embeddable":true,"href":"https:\/\/aconteceunovale.com.br\/portal\/index.php?rest_route=\/wp\/v2\/media\/47350"}],"wp:attachment":[{"href":"https:\/\/aconteceunovale.com.br\/portal\/index.php?rest_route=%2Fwp%2Fv2%2Fmedia&parent=47349"}],"wp:term":[{"taxonomy":"category","embeddable":true,"href":"https:\/\/aconteceunovale.com.br\/portal\/index.php?rest_route=%2Fwp%2Fv2%2Fcategories&post=47349"},{"taxonomy":"post_tag","embeddable":true,"href":"https:\/\/aconteceunovale.com.br\/portal\/index.php?rest_route=%2Fwp%2Fv2%2Ftags&post=47349"}],"curies":[{"name":"wp","href":"https:\/\/api.w.org\/{rel}","templated":true}]}}