{"id":47346,"date":"2014-12-05T23:06:36","date_gmt":"2014-12-06T02:06:36","guid":{"rendered":"http:\/\/aconteceunovale.com.br\/portal\/?p=47346"},"modified":"2014-12-05T23:06:36","modified_gmt":"2014-12-06T02:06:36","slug":"treze-pessoas-sao-detidas-durante-operacao-em-governador-valadares","status":"publish","type":"post","link":"https:\/\/aconteceunovale.com.br\/portal\/?p=47346","title":{"rendered":"Treze pessoas s\u00e3o detidas durante opera\u00e7\u00e3o em Governador Valadares"},"content":{"rendered":"<h4><strong><em>Opera\u00e7\u00e3o &#8216;Brasil Integrado&#8217; cumpre mandados em Valadares. Objetivo \u00e9 coibir tr\u00e1fico e roubo a ve\u00edculos e pedestres no munic\u00edpio.<\/em><\/strong><\/h4>\n<p>Dez pessoas foram presas e tr\u00eas adolescentes apreendidos, na madrugada desta sexta-feira (5), durante uma opera\u00e7\u00e3o conjunta das Pol\u00edcias Civil e Militar em Governador Valadares, no Leste de Minas Gerais. Mais de 40 policiais participam da opera\u00e7\u00e3o contra crimes violentos.<\/p>\n<p>A opera\u00e7\u00e3o &#8216;Brasil Integrado&#8217; tem como objetivo unificar as pol\u00edcias para cumprir mandados de crimes mais graves como tr\u00e1fico de drogas e homic\u00eddios.<\/p>\n<p>O delegado F\u00e1bio Sfalcin e o major Ryan Figueiredo divulgaram um balan\u00e7o parcial das a\u00e7\u00f5es, na manh\u00e3 desta sexta. Ainda devem ser cumpridos outros 19 mandados de pris\u00e3o em Valadares. Os trabalhos continuam at\u00e9 o fim do dia.<\/p>\n<p><img decoding=\"async\" src=\"http:\/\/aconteceunovale.com.br\/portal\/wp-content\/uploads\/2014\/12\/detidos_gv_5_12.jpg\" alt=\"\" \/><em>Treze pessoas foram detidas durante a opera\u00e7\u00e3o &#8211; Foto: P\u00e1gina GV Alerta<\/em><br \/>\n<\/br><\/p>\n<p><strong><em>(Inter TV dos Vales)<\/em><\/strong><\/p>\n","protected":false},"excerpt":{"rendered":"<p>Opera\u00e7\u00e3o &#8216;Brasil Integrado&#8217; cumpre mandados em Valadares. Objetivo \u00e9 coibir tr\u00e1fico e roubo a ve\u00edculos e pedestres no munic\u00edpio. Dez pessoas foram presas e tr\u00eas adolescentes apreendidos, na madrugada desta sexta-feira (5), durante uma opera\u00e7\u00e3o conjunta das Pol\u00edcias Civil e Militar em Governador Valadares, no Leste de Minas Gerais. Mais de 40 policiais participam da [&hellip;]<\/p>\n","protected":false},"author":1,"featured_media":47347,"comment_status":"open","ping_status":"closed","sticky":false,"template":"","format":"standard","meta":{"amp_status":"","footnotes":""},"categories":[121],"tags":[247,25773,25772],"class_list":["post-47346","post","type-post","status-publish","format-standard","has-post-thumbnail","hentry","category-leste","tag-governador-valadares","tag-operacao-brasil-integrado","tag-treze-pessoas-sao-detidas-durante-operacao-em-governador-valadares"],"_links":{"self":[{"href":"https:\/\/aconteceunovale.com.br\/portal\/index.php?rest_route=\/wp\/v2\/posts\/47346","targetHints":{"allow":["GET"]}}],"collection":[{"href":"https:\/\/aconteceunovale.com.br\/portal\/index.php?rest_route=\/wp\/v2\/posts"}],"about":[{"href":"https:\/\/aconteceunovale.com.br\/portal\/index.php?rest_route=\/wp\/v2\/types\/post"}],"author":[{"embeddable":true,"href":"https:\/\/aconteceunovale.com.br\/portal\/index.php?rest_route=\/wp\/v2\/users\/1"}],"replies":[{"embeddable":true,"href":"https:\/\/aconteceunovale.com.br\/portal\/index.php?rest_route=%2Fwp%2Fv2%2Fcomments&post=47346"}],"version-history":[{"count":0,"href":"https:\/\/aconteceunovale.com.br\/portal\/index.php?rest_route=\/wp\/v2\/posts\/47346\/revisions"}],"wp:featuredmedia":[{"embeddable":true,"href":"https:\/\/aconteceunovale.com.br\/portal\/index.php?rest_route=\/wp\/v2\/media\/47347"}],"wp:attachment":[{"href":"https:\/\/aconteceunovale.com.br\/portal\/index.php?rest_route=%2Fwp%2Fv2%2Fmedia&parent=47346"}],"wp:term":[{"taxonomy":"category","embeddable":true,"href":"https:\/\/aconteceunovale.com.br\/portal\/index.php?rest_route=%2Fwp%2Fv2%2Fcategories&post=47346"},{"taxonomy":"post_tag","embeddable":true,"href":"https:\/\/aconteceunovale.com.br\/portal\/index.php?rest_route=%2Fwp%2Fv2%2Ftags&post=47346"}],"curies":[{"name":"wp","href":"https:\/\/api.w.org\/{rel}","templated":true}]}}