{"id":47344,"date":"2014-12-05T22:59:50","date_gmt":"2014-12-06T01:59:50","guid":{"rendered":"http:\/\/aconteceunovale.com.br\/portal\/?p=47344"},"modified":"2014-12-05T22:59:50","modified_gmt":"2014-12-06T01:59:50","slug":"antt-fecha-o-cerco-contra-o-transporte-clandestino-em-minas-e-outros-quatro-estados","status":"publish","type":"post","link":"https:\/\/aconteceunovale.com.br\/portal\/?p=47344","title":{"rendered":"ANTT fecha o cerco contra o transporte clandestino em Minas e outros quatro estados"},"content":{"rendered":"<h4><strong><em>Nessa quinta-feira, um ve\u00edculo n\u00e3o autorizado caiu em uma ribanceira \u00e0s margens da BR-381, em Bela Vista de Minas, na Regi\u00e3o Central do estado, e cinco passageiros morreram<\/em><\/strong><\/h4>\n<p>A Ag\u00eancia Nacional de Transportes Terrestres (ANTT) vai intensificar as fiscaliza\u00e7\u00f5es para coibir a pr\u00e1tica do transporte clandestino em Minas Gerais. As a\u00e7\u00f5es ser\u00e3o realizadas at\u00e9 o pr\u00f3ximo domingo. Nessa quinta-feira, um ve\u00edculo n\u00e3o autorizado caiu em uma ribanceira \u00e0s margens da BR-381, em Bela Vista de Minas, na Regi\u00e3o Central do estado, e cinco passageiros morreram. Outras 22 pessoas ficaram feridas. O motorista foi autuado por transporte irregular. <\/p>\n<p><img decoding=\"async\" src=\"http:\/\/aconteceunovale.com.br\/portal\/wp-content\/uploads\/2014\/12\/onibus_381_4_12_1.jpg\" alt=\"\" \/><em>Cinco morreram e 22 ficaram feridos em acidente na BR-381 &#8211; Foto: PRF\/Divulga\u00e7\u00e3o<\/em><br \/>\n<\/br><\/p>\n<p>As a\u00e7\u00f5es contra o transporte clandestino \u00e9 realizada durante todo ano. Por\u00e9m, com a chegadas das f\u00e9rias escolares e as festas de fim de ano, per\u00edodo em que h\u00e1 o aumento no n\u00famero de viagens feitas pelos ve\u00edculos, as opera\u00e7\u00f5es ser\u00e3o intensificadas. Elas v\u00e3o acontecer em Minas, S\u00e3o Paulo, Goi\u00e1s, Bahia, e Tocantins. Os estados s\u00e3o os que mais t\u00eam a presen\u00e7a dos infratores, segundo a ANTT. <\/p>\n<p>Participam das a\u00e7\u00f5es 93 servidores, entre fiscais da ANTT e policiais rodovi\u00e1rios federais, distribu\u00eddos em 60 viaturas. Durante a fiscaliza\u00e7\u00e3o, os passageiros s\u00e3o informados sobre os riscos e a falta de seguran\u00e7a a que est\u00e3o expostos quando utilizam esse tipo de transporte.<\/p>\n<p>Os perigos e riscos de entrar em um desses ve\u00edculos podem ser ilustrados por uma trag\u00e9dia que aconteceu em Minas nessa quinta-feira. O \u00f4nibus saiu da Bahia com 27 passageiros. Por volta das 3h, quando passava pela cidade de Bela Vista de Minas \u2013 a 124 quil\u00f4metros de Belo Horizonte \u2013, num trecho marcado por serras e v\u00e1rias curvas, o motorista perdeu o controle da dire\u00e7\u00e3o e saiu da estrada. O ve\u00edculo capotou e foi parar em uma ribanceira. No acidente, cinco pessoas morreram e 22 ficaram feridas. Militares do Corpo de Bombeiros precisaram usar t\u00e9cnicas de rapel para chegar ao ve\u00edculo. <\/p>\n<p>Conforme a ANTT, a empresa respons\u00e1vel pelo ve\u00edculo tem cadastro no \u00f3rg\u00e3o. Por\u00e9m, o \u00f4nibus n\u00e3o tinha a autoriza\u00e7\u00e3o para fazer viagens interestaduais. O motorista, que n\u00e3o teve o nome divulgado, foi autuado pela Pol\u00edcia Rodovi\u00e1ria Federal (PRF) por transporte irregular.<\/p>\n<p><strong><em>(Estado de Minas)<\/em><\/strong><\/p>\n","protected":false},"excerpt":{"rendered":"<p>Nessa quinta-feira, um ve\u00edculo n\u00e3o autorizado caiu em uma ribanceira \u00e0s margens da BR-381, em Bela Vista de Minas, na Regi\u00e3o Central do estado, e cinco passageiros morreram A Ag\u00eancia Nacional de Transportes Terrestres (ANTT) vai intensificar as fiscaliza\u00e7\u00f5es para coibir a pr\u00e1tica do transporte clandestino em Minas Gerais. As a\u00e7\u00f5es ser\u00e3o realizadas at\u00e9 o [&hellip;]<\/p>\n","protected":false},"author":1,"featured_media":47202,"comment_status":"open","ping_status":"closed","sticky":false,"template":"","format":"standard","meta":{"amp_status":"","footnotes":""},"categories":[123],"tags":[25770,25769,25771,1726,1018,25766,25768,25767],"class_list":["post-47344","post","type-post","status-publish","format-standard","has-post-thumbnail","hentry","category-gerais","tag-agencia-nacional-de-transportes-terrestres","tag-antt","tag-antt-fecha-o-cerco-contra-o-transporte-clandestino-em-minas-e-outros-quatro-estados","tag-bela-vista-de-minas","tag-destaque","tag-fiscalizacoes-para-coibir-a-pratica-do-transporte-clandestino-em-minas-gerais","tag-transporte-clandestino","tag-transporte-clandestino-em-minas-gerais"],"_links":{"self":[{"href":"https:\/\/aconteceunovale.com.br\/portal\/index.php?rest_route=\/wp\/v2\/posts\/47344","targetHints":{"allow":["GET"]}}],"collection":[{"href":"https:\/\/aconteceunovale.com.br\/portal\/index.php?rest_route=\/wp\/v2\/posts"}],"about":[{"href":"https:\/\/aconteceunovale.com.br\/portal\/index.php?rest_route=\/wp\/v2\/types\/post"}],"author":[{"embeddable":true,"href":"https:\/\/aconteceunovale.com.br\/portal\/index.php?rest_route=\/wp\/v2\/users\/1"}],"replies":[{"embeddable":true,"href":"https:\/\/aconteceunovale.com.br\/portal\/index.php?rest_route=%2Fwp%2Fv2%2Fcomments&post=47344"}],"version-history":[{"count":0,"href":"https:\/\/aconteceunovale.com.br\/portal\/index.php?rest_route=\/wp\/v2\/posts\/47344\/revisions"}],"wp:featuredmedia":[{"embeddable":true,"href":"https:\/\/aconteceunovale.com.br\/portal\/index.php?rest_route=\/wp\/v2\/media\/47202"}],"wp:attachment":[{"href":"https:\/\/aconteceunovale.com.br\/portal\/index.php?rest_route=%2Fwp%2Fv2%2Fmedia&parent=47344"}],"wp:term":[{"taxonomy":"category","embeddable":true,"href":"https:\/\/aconteceunovale.com.br\/portal\/index.php?rest_route=%2Fwp%2Fv2%2Fcategories&post=47344"},{"taxonomy":"post_tag","embeddable":true,"href":"https:\/\/aconteceunovale.com.br\/portal\/index.php?rest_route=%2Fwp%2Fv2%2Ftags&post=47344"}],"curies":[{"name":"wp","href":"https:\/\/api.w.org\/{rel}","templated":true}]}}