{"id":47321,"date":"2014-12-05T11:33:30","date_gmt":"2014-12-05T14:33:30","guid":{"rendered":"http:\/\/aconteceunovale.com.br\/portal\/?p=47321"},"modified":"2014-12-05T11:33:30","modified_gmt":"2014-12-05T14:33:30","slug":"dois-motociclistas-morrem-em-acidentes-no-norte-de-minas","status":"publish","type":"post","link":"https:\/\/aconteceunovale.com.br\/portal\/?p=47321","title":{"rendered":"Dois motociclistas morrem em acidentes no Norte de Minas"},"content":{"rendered":"<h4><strong><em>Em Montes Claros, condutor inabilitado morre ap\u00f3s bater em monumento. Na zona rural de Glaucil\u00e2ndia, motociclista de 57 anos \u00e9 encontrado morto.<\/em><\/strong><\/h4>\n<p>Um motociclista de 21 anos morreu depois de se envolver em um acidente no Bairro Alto S\u00e3o Jo\u00e3o, em Montes Claros (MG). Segundo a Pol\u00edcia Militar, o rapaz n\u00e3o possu\u00eda carteira de habilita\u00e7\u00e3o. Ele perdeu o controle do ve\u00edculo e bateu em um monumento que fica na Avenida Geraldo Atha\u00edde. A v\u00edtima chegou a ser socorrida, mas morreu antes de dar entrada no hospital.<\/p>\n<p>E em Glaucil\u00e2ndia, um motociclista de 57 anos foi encontrado morto por um morador. Segundo a PM, o homem estava ca\u00eddo com a moto em cima das pernas dele. O acidente foi em uma estrada rural no Povoado de Rio das Pedras e a pol\u00edcia investiga quais s\u00e3o causas. (G1)<\/p>\n","protected":false},"excerpt":{"rendered":"<p>Em Montes Claros, condutor inabilitado morre ap\u00f3s bater em monumento. Na zona rural de Glaucil\u00e2ndia, motociclista de 57 anos \u00e9 encontrado morto. Um motociclista de 21 anos morreu depois de se envolver em um acidente no Bairro Alto S\u00e3o Jo\u00e3o, em Montes Claros (MG). Segundo a Pol\u00edcia Militar, o rapaz n\u00e3o possu\u00eda carteira de habilita\u00e7\u00e3o. [&hellip;]<\/p>\n","protected":false},"author":1,"featured_media":32816,"comment_status":"open","ping_status":"closed","sticky":false,"template":"","format":"standard","meta":{"amp_status":"","footnotes":""},"categories":[1236],"tags":[25719,1693,210],"class_list":["post-47321","post","type-post","status-publish","format-standard","has-post-thumbnail","hentry","category-norte_de_minas","tag-dois-motociclistas-morrem-em-acidentes-no-norte-de-minas","tag-glaucilandia","tag-montes-claros"],"_links":{"self":[{"href":"https:\/\/aconteceunovale.com.br\/portal\/index.php?rest_route=\/wp\/v2\/posts\/47321","targetHints":{"allow":["GET"]}}],"collection":[{"href":"https:\/\/aconteceunovale.com.br\/portal\/index.php?rest_route=\/wp\/v2\/posts"}],"about":[{"href":"https:\/\/aconteceunovale.com.br\/portal\/index.php?rest_route=\/wp\/v2\/types\/post"}],"author":[{"embeddable":true,"href":"https:\/\/aconteceunovale.com.br\/portal\/index.php?rest_route=\/wp\/v2\/users\/1"}],"replies":[{"embeddable":true,"href":"https:\/\/aconteceunovale.com.br\/portal\/index.php?rest_route=%2Fwp%2Fv2%2Fcomments&post=47321"}],"version-history":[{"count":0,"href":"https:\/\/aconteceunovale.com.br\/portal\/index.php?rest_route=\/wp\/v2\/posts\/47321\/revisions"}],"wp:featuredmedia":[{"embeddable":true,"href":"https:\/\/aconteceunovale.com.br\/portal\/index.php?rest_route=\/wp\/v2\/media\/32816"}],"wp:attachment":[{"href":"https:\/\/aconteceunovale.com.br\/portal\/index.php?rest_route=%2Fwp%2Fv2%2Fmedia&parent=47321"}],"wp:term":[{"taxonomy":"category","embeddable":true,"href":"https:\/\/aconteceunovale.com.br\/portal\/index.php?rest_route=%2Fwp%2Fv2%2Fcategories&post=47321"},{"taxonomy":"post_tag","embeddable":true,"href":"https:\/\/aconteceunovale.com.br\/portal\/index.php?rest_route=%2Fwp%2Fv2%2Ftags&post=47321"}],"curies":[{"name":"wp","href":"https:\/\/api.w.org\/{rel}","templated":true}]}}