{"id":47315,"date":"2014-12-05T11:24:09","date_gmt":"2014-12-05T14:24:09","guid":{"rendered":"http:\/\/aconteceunovale.com.br\/portal\/?p=47315"},"modified":"2014-12-05T11:24:09","modified_gmt":"2014-12-05T14:24:09","slug":"aposentado-de-78-anos-e-morto-com-golpes-de-facao-na-cabeca-em-ipanema","status":"publish","type":"post","link":"https:\/\/aconteceunovale.com.br\/portal\/?p=47315","title":{"rendered":"Aposentado de 78 anos \u00e9 morto com golpes de fac\u00e3o na cabe\u00e7a em Ipanema"},"content":{"rendered":"<h4><strong><em>Autor do crime \u00e9 um menor de 15 anos. Ele foi detido pela Pol\u00edcia Militar de Ipanema.<\/em><\/strong><\/h4>\n<p>[image src=&#8221;http:\/\/aconteceunovale.com.br\/portal\/wp-content\/uploads\/2014\/12\/homem_morto_ipatinga_78.jpg&#8221; width=&#8221;305&#8243; height=&#8221;350&#8243; lightbox=&#8221;yes&#8221; align=&#8221;left&#8221; float=&#8221;left&#8221;]A Pol\u00edcia Militar de Ipanema apreendeu um menor de 15 anos acusado de assassinar Estanislau Anacleto Gomes, de 78 anos. Segundo apurado pelos policiais militares, o menor infrator invadiu pelo telhado a casa do idoso, na Rua Vicente Faustino Barbosa, no bairro Vila Vicentina, em Ipanema.<\/p>\n<p>O menor tinha a inten\u00e7\u00e3o de furtar, uma vez que havia informa\u00e7\u00f5es de que o aposentado teria dinheiro guardado em casa. Ap\u00f3s o idoso ter sido agredido e gritado por socorro o menor desferiu v\u00e1rios golpes com um fac\u00e3o na cabe\u00e7a da v\u00edtima.<\/p>\n<p>A Pol\u00edcia Militar foi acionada via 190 e providenciou o socorro da v\u00edtima, que foi encaminhada at\u00e9 ao PAM de Ipanema. Por\u00e9m, o aposentado n\u00e3o resistiu aos ferimentos e faleceu. O local do crime foi isolado para os trabalhos da per\u00edcia e durante as dilig\u00eancias realizadas na regi\u00e3o da cena do crime o menor infrator foi localizado. Segundo a Pol\u00edcia, o menor infrator assumiu a autoria do crime e mostrou aos policiais o local em que havia jogado o fac\u00e3o.<\/p>\n<p>O menor tem v\u00e1rias passagens por furto, les\u00e3o corporal, porte de arma de fogo e amea\u00e7a. O corpo da v\u00edtima foi encaminhado ao IML de Caratinga.<\/p>\n<p><em>(Foto e informa\u00e7\u00f5es da TV Super Canal de Caratinga)<\/em><\/p>\n","protected":false},"excerpt":{"rendered":"<p>Autor do crime \u00e9 um menor de 15 anos. Ele foi detido pela Pol\u00edcia Militar de Ipanema. [image src=&#8221;http:\/\/aconteceunovale.com.br\/portal\/wp-content\/uploads\/2014\/12\/homem_morto_ipatinga_78.jpg&#8221; width=&#8221;305&#8243; height=&#8221;350&#8243; lightbox=&#8221;yes&#8221; align=&#8221;left&#8221; float=&#8221;left&#8221;]A Pol\u00edcia Militar de Ipanema apreendeu um menor de 15 anos acusado de assassinar Estanislau Anacleto Gomes, de 78 anos. Segundo apurado pelos policiais militares, o menor infrator invadiu pelo telhado a [&hellip;]<\/p>\n","protected":false},"author":1,"featured_media":47316,"comment_status":"open","ping_status":"closed","sticky":false,"template":"","format":"standard","meta":{"amp_status":"","footnotes":""},"categories":[121],"tags":[25716,237,25717,1732],"class_list":["post-47315","post","type-post","status-publish","format-standard","has-post-thumbnail","hentry","category-leste","tag-aposentado-de-78-anos-e-morto-com-golpes-de-facao-na-cabeca-em-ipanema","tag-caratinga","tag-estanislau-anacleto-gomes","tag-ipanema"],"_links":{"self":[{"href":"https:\/\/aconteceunovale.com.br\/portal\/index.php?rest_route=\/wp\/v2\/posts\/47315","targetHints":{"allow":["GET"]}}],"collection":[{"href":"https:\/\/aconteceunovale.com.br\/portal\/index.php?rest_route=\/wp\/v2\/posts"}],"about":[{"href":"https:\/\/aconteceunovale.com.br\/portal\/index.php?rest_route=\/wp\/v2\/types\/post"}],"author":[{"embeddable":true,"href":"https:\/\/aconteceunovale.com.br\/portal\/index.php?rest_route=\/wp\/v2\/users\/1"}],"replies":[{"embeddable":true,"href":"https:\/\/aconteceunovale.com.br\/portal\/index.php?rest_route=%2Fwp%2Fv2%2Fcomments&post=47315"}],"version-history":[{"count":0,"href":"https:\/\/aconteceunovale.com.br\/portal\/index.php?rest_route=\/wp\/v2\/posts\/47315\/revisions"}],"wp:featuredmedia":[{"embeddable":true,"href":"https:\/\/aconteceunovale.com.br\/portal\/index.php?rest_route=\/wp\/v2\/media\/47316"}],"wp:attachment":[{"href":"https:\/\/aconteceunovale.com.br\/portal\/index.php?rest_route=%2Fwp%2Fv2%2Fmedia&parent=47315"}],"wp:term":[{"taxonomy":"category","embeddable":true,"href":"https:\/\/aconteceunovale.com.br\/portal\/index.php?rest_route=%2Fwp%2Fv2%2Fcategories&post=47315"},{"taxonomy":"post_tag","embeddable":true,"href":"https:\/\/aconteceunovale.com.br\/portal\/index.php?rest_route=%2Fwp%2Fv2%2Ftags&post=47315"}],"curies":[{"name":"wp","href":"https:\/\/api.w.org\/{rel}","templated":true}]}}