{"id":47235,"date":"2014-12-04T16:21:50","date_gmt":"2014-12-04T19:21:50","guid":{"rendered":"http:\/\/aconteceunovale.com.br\/portal\/?p=47235"},"modified":"2014-12-04T19:13:28","modified_gmt":"2014-12-04T22:13:28","slug":"homem-morre-em-acidente-envolvendo-moto-e-onibus-escolar-em-malacacheta","status":"publish","type":"post","link":"https:\/\/aconteceunovale.com.br\/portal\/?p=47235","title":{"rendered":"Homem morre em acidente envolvendo moto e \u00f4nibus escolar em Malacacheta"},"content":{"rendered":"<h4><strong><em>Motorista relatou a Pol\u00edcia Militar que o motociclista estava em alta velocidade. V\u00edtima foi socorrida com vida, mas n\u00e3o resistiu aos graves ferimentos e morreu no hospital de Malacacheta.<\/em><\/strong><\/h4>\n<p>Um jovem de 26 anos morreu em um acidente envolvendo uma moto e um \u00f4nibus escolar no final da manh\u00e3 desta quinta-feira, 4 de dezembro, na LMG-217, sa\u00edda de Malacacheta para Setubinha, no Vale do Mucuri.<\/p>\n<p><img decoding=\"async\" src=\"http:\/\/aconteceunovale.com.br\/portal\/wp-content\/uploads\/2014\/12\/malacacheta_4_12_1.jpg\" alt=\"\" \/><em>Acidente aconteceu no final da manh\u00e3 desta quinta-feira &#8211; Foto: Rep\u00f3rter Leandro Silva<\/em><br \/>\n<\/br><\/p>\n<p>De acordo com a Pol\u00edcia Militar, o motorista do ve\u00edculo coletivo relatou que seguia no sentido Malacacheta quando deparou com a moto em alta velocidade e que o condutor teria perdido o controle da dire\u00e7\u00e3o, vindo a invadir a contram\u00e3o e colidir contra o \u00f4nibus.<\/p>\n<p>Com o impacto da batida, o motociclista Edson Costa Figueiredo ficou gravemente ferido e foi encaminhado para atendimento m\u00e9dico no Hospital Dr. Carlos Marx, mas n\u00e3o resistiu e morreu pouco depois.<\/p>\n<p>A per\u00edcia t\u00e9cnica da Pol\u00edcia Civil foi acionada e realizou os trabalhos de praxe. O corpo foi encaminhado para o Instituto M\u00e9dico Legal de Te\u00f3filo Otoni.<\/p>\n<p>Ainda segundo a PM, o motorista do \u00f4nibus foi apresentado na Delegacia de Pol\u00edcia de Malacacheta para prestar esclarecimentos sobre o fato ocorrido.<\/p>\n<p><img decoding=\"async\" src=\"http:\/\/aconteceunovale.com.br\/portal\/wp-content\/uploads\/2014\/12\/malacacheta_4_12_3.jpg\" alt=\"\" \/><em>Acidente aconteceu no final da manh\u00e3 desta quinta-feira &#8211; Foto: Rep\u00f3rter Leandro Silva<\/em><br \/>\n<\/br><\/p>\n<p><img decoding=\"async\" src=\"http:\/\/aconteceunovale.com.br\/portal\/wp-content\/uploads\/2014\/12\/malacacheta_4_12_4.jpg\" alt=\"\" \/><em>Acidente aconteceu no final da manh\u00e3 desta quinta-feira &#8211; Foto: Rep\u00f3rter Leandro Silva<\/em><\/p>\n","protected":false},"excerpt":{"rendered":"<p>Motorista relatou a Pol\u00edcia Militar que o motociclista estava em alta velocidade. V\u00edtima foi socorrida com vida, mas n\u00e3o resistiu aos graves ferimentos e morreu no hospital de Malacacheta. Um jovem de 26 anos morreu em um acidente envolvendo uma moto e um \u00f4nibus escolar no final da manh\u00e3 desta quinta-feira, 4 de dezembro, na [&hellip;]<\/p>\n","protected":false},"author":1,"featured_media":47239,"comment_status":"open","ping_status":"closed","sticky":false,"template":"","format":"standard","meta":{"amp_status":"","footnotes":""},"categories":[122],"tags":[25661,25662,25632,25633,25665,25664,25631,226,168,25663,164],"class_list":["post-47235","post","type-post","status-publish","format-standard","has-post-thumbnail","hentry","category-mucuri","tag-acidente-com-edson-costa-figueiredo","tag-acidente-com-sukinha","tag-acidente-em-malacacheta","tag-acidente-entre-moto-e-onibus-em-malacacheta","tag-fotos-do-acidente-com-edson-costa-figueiredo","tag-fotos-do-acidente-com-sukinha","tag-homem-morre-em-acidente-envolvendo-moto-e-onibus-escolar-em-malacacheta","tag-malacacheta","tag-setubinha","tag-sukinha","tag-teofilo-otoni"],"_links":{"self":[{"href":"https:\/\/aconteceunovale.com.br\/portal\/index.php?rest_route=\/wp\/v2\/posts\/47235","targetHints":{"allow":["GET"]}}],"collection":[{"href":"https:\/\/aconteceunovale.com.br\/portal\/index.php?rest_route=\/wp\/v2\/posts"}],"about":[{"href":"https:\/\/aconteceunovale.com.br\/portal\/index.php?rest_route=\/wp\/v2\/types\/post"}],"author":[{"embeddable":true,"href":"https:\/\/aconteceunovale.com.br\/portal\/index.php?rest_route=\/wp\/v2\/users\/1"}],"replies":[{"embeddable":true,"href":"https:\/\/aconteceunovale.com.br\/portal\/index.php?rest_route=%2Fwp%2Fv2%2Fcomments&post=47235"}],"version-history":[{"count":0,"href":"https:\/\/aconteceunovale.com.br\/portal\/index.php?rest_route=\/wp\/v2\/posts\/47235\/revisions"}],"wp:featuredmedia":[{"embeddable":true,"href":"https:\/\/aconteceunovale.com.br\/portal\/index.php?rest_route=\/wp\/v2\/media\/47239"}],"wp:attachment":[{"href":"https:\/\/aconteceunovale.com.br\/portal\/index.php?rest_route=%2Fwp%2Fv2%2Fmedia&parent=47235"}],"wp:term":[{"taxonomy":"category","embeddable":true,"href":"https:\/\/aconteceunovale.com.br\/portal\/index.php?rest_route=%2Fwp%2Fv2%2Fcategories&post=47235"},{"taxonomy":"post_tag","embeddable":true,"href":"https:\/\/aconteceunovale.com.br\/portal\/index.php?rest_route=%2Fwp%2Fv2%2Ftags&post=47235"}],"curies":[{"name":"wp","href":"https:\/\/api.w.org\/{rel}","templated":true}]}}