{"id":47220,"date":"2014-12-04T12:11:11","date_gmt":"2014-12-04T15:11:11","guid":{"rendered":"http:\/\/aconteceunovale.com.br\/portal\/?p=47220"},"modified":"2014-12-04T12:11:11","modified_gmt":"2014-12-04T15:11:11","slug":"homem-e-morto-a-facadas-por-adolescente-que-conheceu-em-site-de-relacionamento","status":"publish","type":"post","link":"https:\/\/aconteceunovale.com.br\/portal\/?p=47220","title":{"rendered":"Homem \u00e9 morto a facadas por adolescente que conheceu em site de relacionamento"},"content":{"rendered":"<h4><strong><em>Adolescente alegou que ficou com medo pois era sua primeira experi\u00eancia homossexual. Duas facas e m\u00e1scara do &#8220;Jason&#8221; foram apreendidas<\/em><\/strong><\/h4>\n<p>Um homem de 34 anos foi morto a facadas por se desentender com um adolescente em um encontro amoroso nessa quarta-feira (3), em Juiz de Fora, na Zona da Mata Mineira. Rodrigo Dias Cantarutti Dantas conheceu o menor de 15 anos no site de relacionamento Badoo e depois de muitas conversas pelos WhatsApp decidiram marcar um encontro.<\/p>\n<p><img decoding=\"async\" src=\"http:\/\/aconteceunovale.com.br\/portal\/wp-content\/uploads\/2014\/12\/morto_rede_social1.jpg\" alt=\"\" \/><em>Facas e m\u00e1scara usada por personagem de filme de terror foram apreendidas &#8211; Foto: Reprodu\u00e7\u00e3o<\/em><br \/>\n<\/br><\/p>\n<p>Ap\u00f3s o crime, o suspeito foi detido por um morador do pr\u00e9dio onde a v\u00edtima morava, localizado na avenida Oleg\u00e1rio Maciel, bairro Dom Bosco. Vizinhos ouviram  gritos de socorro e perceberam o menor em atitude suspeita, no hall do edif\u00edcio, tentando deixar o local. Com ele foram apreendidas a faca usada no crime, uma caixa de luvas descart\u00e1veis e uma mascara do &#8220;Jason&#8221;, personagem do filme &#8220;Sexta-Feira 13&#8221;, um cl\u00e1ssico do cinema terror.<\/p>\n<p>\u00c0 Pol\u00edcia Militar (PM), o adolescente contou ter matado Rodrigo por se arrepender do encontro, uma vez que essa seria sua primeira experi\u00eancia homossexual. O menor disse ter ficado nervoso com a situa\u00e7\u00e3o quando entrou no apartamento, e o homem come\u00e7ou com as car\u00edcias. Suando, ele pediu para ir banheiro lavar o rosto e as m\u00e3os, e quando voltou \u00e0 sala, Rodrigo j\u00e1 estaria s\u00f3 de cueca.<\/p>\n<p>O homem, ent\u00e3o, passou a lhe beijar, momento em que o adolescente o empurrou contra a parede e o esfaqueou no pesco\u00e7o. A v\u00edtima ainda tentou fugir para pedir socorro, mas acabou golpeada outras tr\u00eas vezes.<\/p>\n<p>Rodrigo foi encontrado ca\u00eddo no ch\u00e3o do corredor de seu andar. A Pol\u00edcia e o Servi\u00e7o de Atendimento M\u00f3vel de Urg\u00eancia (Samu) foram acionados, mas quando chegaram ao endere\u00e7o a v\u00edtima estava sem vida. Por ser alugado e nenhum parente ter ido ao local, o apartamento ficou aos cuidados dos vizinhos at\u00e9 a chegada da imobili\u00e1ria.<\/p>\n<p>O menor foi encaminhado \u00e0 Delegacia de Plant\u00e3o de Juiz de Fora, onde a ocorr\u00eancia foi registrada como Ato Infracional An\u00e1logo ao Crime de Homic\u00eddio Consumado.<\/p>\n<h4>\u201cAinda n\u00e3o entendemos o que aconteceu\u201d, diz pai de v\u00edtima<\/h4>\n<p>Na manh\u00e3 desta quinta-feira (4), o pai de Dantas afirmou que ainda n\u00e3o sabe como tudo aconteceu. \u201cOs outros moradores avisaram a imobili\u00e1ria, que ligou para a fam\u00edlia dele aqui em Barbacena. Assim que ficamos sabendo da not\u00edcia\u201d, contou o pai.<\/p>\n<p>Segundo ele, o filho morava em Juiz de Fora sozinho h\u00e1 16 anos e, al\u00e9m de trabalhar em uma empresa de telemarketing, estudava no munic\u00edpio.<\/p>\n<p>\u201cA \u00faltima vez que estive com meu filho pessoalmente foi no dia 22 de novembro. Na manh\u00e3 de ontem (quarta), minha irm\u00e3 conversou com ele por telefone e, aparentemente, estava tudo bem. O Rodrigo n\u00e3o reclamou de nenhum problema\u201d, explicou Dias.<\/p>\n<p>O corpo da v\u00edtima foi liberado do Instituto M\u00e9dico Legal (IML) nesta quinta e vai seguir para Barbacena, onde ser\u00e1 sepultado nesta sexta-feira (6) no Cemit\u00e9rio Boa Morte. <\/p>\n<p><strong><em>(O Tempo Online)<\/em><\/strong><\/p>\n","protected":false},"excerpt":{"rendered":"<p>Adolescente alegou que ficou com medo pois era sua primeira experi\u00eancia homossexual. Duas facas e m\u00e1scara do &#8220;Jason&#8221; foram apreendidas Um homem de 34 anos foi morto a facadas por se desentender com um adolescente em um encontro amoroso nessa quarta-feira (3), em Juiz de Fora, na Zona da Mata Mineira. Rodrigo Dias Cantarutti Dantas [&hellip;]<\/p>\n","protected":false},"author":1,"featured_media":47222,"comment_status":"open","ping_status":"closed","sticky":false,"template":"","format":"standard","meta":{"amp_status":"","footnotes":""},"categories":[123],"tags":[25609,25608,206,25612,25610,25611],"class_list":["post-47220","post","type-post","status-publish","format-standard","has-post-thumbnail","hentry","category-gerais","tag-homem-e-morto-a-facadas-por-adolescente-que-conheceu-em-rede-social","tag-homem-e-morto-a-facadas-por-adolescente-que-conheceu-em-site-de-relacionamento","tag-juiz-de-fora","tag-morto-juiz-de-fora-badoo","tag-rodrigo-dias-cantarutti-dantas","tag-rodrigo-dias-cantarutti-dantas-conheceu-o-menor-de-15-anos-no-site-de-relacionamento-badoo-e-depois-de-muitas-conversas-pelos-whatsapp-decidiram-marcar-um-encontro"],"_links":{"self":[{"href":"https:\/\/aconteceunovale.com.br\/portal\/index.php?rest_route=\/wp\/v2\/posts\/47220","targetHints":{"allow":["GET"]}}],"collection":[{"href":"https:\/\/aconteceunovale.com.br\/portal\/index.php?rest_route=\/wp\/v2\/posts"}],"about":[{"href":"https:\/\/aconteceunovale.com.br\/portal\/index.php?rest_route=\/wp\/v2\/types\/post"}],"author":[{"embeddable":true,"href":"https:\/\/aconteceunovale.com.br\/portal\/index.php?rest_route=\/wp\/v2\/users\/1"}],"replies":[{"embeddable":true,"href":"https:\/\/aconteceunovale.com.br\/portal\/index.php?rest_route=%2Fwp%2Fv2%2Fcomments&post=47220"}],"version-history":[{"count":0,"href":"https:\/\/aconteceunovale.com.br\/portal\/index.php?rest_route=\/wp\/v2\/posts\/47220\/revisions"}],"wp:featuredmedia":[{"embeddable":true,"href":"https:\/\/aconteceunovale.com.br\/portal\/index.php?rest_route=\/wp\/v2\/media\/47222"}],"wp:attachment":[{"href":"https:\/\/aconteceunovale.com.br\/portal\/index.php?rest_route=%2Fwp%2Fv2%2Fmedia&parent=47220"}],"wp:term":[{"taxonomy":"category","embeddable":true,"href":"https:\/\/aconteceunovale.com.br\/portal\/index.php?rest_route=%2Fwp%2Fv2%2Fcategories&post=47220"},{"taxonomy":"post_tag","embeddable":true,"href":"https:\/\/aconteceunovale.com.br\/portal\/index.php?rest_route=%2Fwp%2Fv2%2Ftags&post=47220"}],"curies":[{"name":"wp","href":"https:\/\/api.w.org\/{rel}","templated":true}]}}