{"id":47217,"date":"2014-12-04T12:02:40","date_gmt":"2014-12-04T15:02:40","guid":{"rendered":"http:\/\/aconteceunovale.com.br\/portal\/?p=47217"},"modified":"2014-12-04T12:02:40","modified_gmt":"2014-12-04T15:02:40","slug":"racionamento-de-combustivel-para-viaturas-da-policia-militar-prejudica-vigilancia-em-minas","status":"publish","type":"post","link":"https:\/\/aconteceunovale.com.br\/portal\/?p=47217","title":{"rendered":"Racionamento de combust\u00edvel para viaturas da Pol\u00edcia Militar prejudica vigil\u00e2ncia em Minas"},"content":{"rendered":"<p>A falta de combust\u00edvel para manter as viaturas da Pol\u00edcia Militar j\u00e1 prejudica as vigil\u00e2ncias ostensiva e preventiva em Minas Gerais. No interior, o problema afeta pelo menos tr\u00eas batalh\u00f5es h\u00e1 cerca de duas semanas. Na capital, a corpora\u00e7\u00e3o atua h\u00e1 pelo menos seis dias em esquema de rod\u00edzio ou racionamento: algumas guarni\u00e7\u00f5es recebem, no m\u00e1ximo, 20 litros para rodar por semana.<\/p>\n<p>Essa quantidade \u00e9 insuficiente para o servi\u00e7o de seguran\u00e7a p\u00fablica em Belo Horizonte, segundo a Associa\u00e7\u00e3o dos Pra\u00e7as da PM (Aspra). Algumas viaturas chegam a percorrer at\u00e9 400 km por semana. Um Fiat Palio, muito comum na frota da pol\u00edcia, roda at\u00e9 12 km\/litro na cidade, por exemplo. Com a quantidade de gasolina fornecida, atingiria, no m\u00e1ximo, 240 km de dist\u00e2ncia.<\/p>\n<p>Na \u00faltima quarta-feira (3), os policiais do Batalh\u00e3o de Choque, no bairro Gameleira, n\u00e3o tiveram como refor\u00e7ar a Opera\u00e7\u00e3o Natalina, realizada nos principais centros comerciais da capital. Isso porque a unidade foi escolhida para o rod\u00edzio. As viaturas permaneceram no p\u00e1tio e at\u00e9 o \u00f4nibus utilizado para o deslocamento da tropa n\u00e3o saiu do local.<\/p>\n<p>Na \u00faltima segunda-feira, o rod\u00edzio atingiu o 34\u00ba Batalh\u00e3o, no bairro Cai\u00e7ara. \u201cA ordem \u00e9 conter os gastos operacionais. Sem gasolina, o p\u00e1tio ficou lotado de viaturas\u201d, conta um sargento, que pediu para n\u00e3o ter o nome revelado.<\/p>\n<p>Policiais ouvidos pelo Hoje em Dia garantem que os chamados de emerg\u00eancia (190) ainda n\u00e3o foram prejudicados. A forma encontrada para economizar combust\u00edvel foi diminuir o patrulhamento nas ruas. \u201cN\u00e3o tinha como rodar\u201d, disse um cabo do 34\u00ba Batalh\u00e3o, em refer\u00eancia \u00e0 regi\u00e3o Noroeste na segunda-feira passada.<\/p>\n<p>Em nota, a Superintend\u00eancia Central de Imprensa do Governo de Minas (Secom) negou a falta de abastecimento e informou que as viaturas dos \u00f3rg\u00e3os de seguran\u00e7a p\u00fablica do Estado est\u00e3o circulando normalmente.<\/p>\n<p>\u201cN\u00e3o existe limita\u00e7\u00e3o no abastecimento de combust\u00edvel, que \u00e9 feito normalmente e de acordo com a capacidade do tanque de cada viatura. A recomenda\u00e7\u00e3o de uso racional de insumos \u00e9 praxe na administra\u00e7\u00e3o p\u00fablica estadual, dentro de uma pol\u00edtica de uso eficiente de recursos p\u00fablicos \u2013 sem qualquer impacto sobre a atua\u00e7\u00e3o dos \u00f3rg\u00e3os de seguran\u00e7a p\u00fablica\u201d, informou a nota.<\/p>\n<p>Sem informar a vig\u00eancia ou os valores pagos, o governo disse que h\u00e1 um contrato para fornecimento de combust\u00edvel feito por meio de licita\u00e7\u00e3o com a Ipiranga Distribuidora.<\/p>\n<p><img decoding=\"async\" src=\"http:\/\/aconteceunovale.com.br\/portal\/wp-content\/uploads\/2014\/12\/viaturas_paradas.jpg\" alt=\"\" \/><em>Na Avenida dos Andradas, no Centro de BH, v\u00e1rias viaturas ficaram paradas na \u00faltima quarta-feira, 3 de novembro &#8211; Foto: Wesley Rodrigues \/ Jornal Hoje em Dia<\/em><br \/>\n<\/br><\/p>\n<h4>Abastecimento<\/h4>\n<p>A Pol\u00edcia Militar possui, atualmente, 56 postos de combust\u00edveis em Minas Gerais, sendo 15 na Regi\u00e3o Metropolitana de BH e o restante no interior do Estado.<\/p>\n<p>O combust\u00edvel \u00e9 adquirido no atacado e armazenado nas unidades da PM, Corpo de Bombeiros e Pol\u00edcia Civil, que possuem postos pr\u00f3prios de abastecimento. Essa \u00e9 a primeira vez que n\u00e3o h\u00e1 combust\u00edvel para as viaturas da pol\u00edcia, segundo a Aspra.<\/p>\n<p>O coordenador do Centro de Pesquisa em Seguran\u00e7a P\u00fablica da PUC Minas, Luis Fl\u00e1vio Sapori, acredita que a situa\u00e7\u00e3o influencia diretamente no aumento da criminalidade. \u201cEsse cen\u00e1rio ir\u00e1 favorecer a eleva\u00e7\u00e3o de roubos, furtos e homic\u00eddios, al\u00e9m da sensa\u00e7\u00e3o de inseguran\u00e7a da popula\u00e7\u00e3o\u201d, afirmou.<\/p>\n<h4>Batalh\u00f5es<\/h4>\n<p>A mesma restri\u00e7\u00e3o foi encontrada nas unidades do 16\u00ba Batalh\u00e3o, no bairro Santa Tereza, regi\u00e3o Leste de BH, e no 5\u00ba Batalh\u00e3o, no Gameleira, regi\u00e3o Oeste, al\u00e9m das unidades de Betim e Contagem (RMBH).<\/p>\n<p>\u201cSem viatura, n\u00e3o temos como fazer patrulhamento. Os deslocamentos tamb\u00e9m ficam restritos por causa da pouca gasolina\u201d, salientou um cabo, que pediu para n\u00e3o ser identificado.<\/p>\n<h4>No interior<\/h4>\n<p>Em algumas unidades do interior, o policiamento tamb\u00e9m est\u00e1 comprometido devido \u00e0 falta de combust\u00edvel. Em Conselheiro Lafaiete, regi\u00e3o Central de Minas, os militares do 31\u00ba Batalh\u00e3o est\u00e3o limitando o servi\u00e7o. \u201cParte do patrulhamento est\u00e1 sendo feito a p\u00e9, isso quando \u00e9 poss\u00edvel. Mas permanecem os deslocamentos para atendimentos de urg\u00eancia e emerg\u00eancia. Por enquanto, o servi\u00e7o est\u00e1 sendo prestado, resta saber at\u00e9 quando\u201d, descreveu um sargento, que solicitou sigilo do nome.<\/p>\n<p>Na 13\u00aa Regi\u00e3o da Pol\u00edcia Militar, em Barbacena, na Zona da Mata, a restri\u00e7\u00e3o preocupa os militares respons\u00e1veis pelo servi\u00e7o de preven\u00e7\u00e3o \u00e0 criminalidade. \u201cQuero ver quando tivermos que perseguir algum bandido e faltar gasolina para o cerco. Como vamos manter a seguran\u00e7a da popula\u00e7\u00e3o se n\u00e3o temos viaturas?\u201d, indagou um sargento que atua na regi\u00e3o, que tamb\u00e9m pediu anonimato.<\/p>\n<p>Por duas semanas, a unidade do 50\u00ba Batalh\u00e3o de Pol\u00edcia Militar de Montes Claros, no Norte de Minas, teve que limitar o uso da gasolina nas viaturas. \u201cAs bombas estavam no limite e, para n\u00e3o ficarmos sem combust\u00edvel, a quantidade dispon\u00edvel foi reduzida. O problema \u00e9 que nosso patrulhamento preventivo ficou comprometido\u201d, conta um cabo, que n\u00e3o quis se identificar. A Aspra informa que o problema afeta tamb\u00e9m o pleno funcionamento do Corpo de Bombeiros.<\/p>\n<h4>Escassez de combust\u00edvel atinge tamb\u00e9m a Civil<\/h4>\n<p>Nas unidades da Pol\u00edcia Civil tamb\u00e9m h\u00e1 escassez de combust\u00edvel para as viaturas. Para abastecer os ve\u00edculos, a corpora\u00e7\u00e3o utiliza as bombas localizadas na garagem da unidade que fica no bairro Santa Efig\u00eania, na regi\u00e3o Leste da capital, e em postos de combust\u00edveis conveniados espalhados pela regi\u00e3o Centro-Sul de Belo Horizonte. No interior, grande parte desse abastecimento \u00e9 feito por meio de conv\u00eanios com postos.<\/p>\n<p>Na \u00faltima segunda-feira, os policiais receberam a informa\u00e7\u00e3o de que teriam que economizar gasolina durante as dilig\u00eancias. \u201cFui abastecer a viatura e colocaram apenas 30 litros. N\u00e3o deu para percorrer nem a metade do percurso que minha equipe tinha para o dia. O que mais me espantou foi saber que a quantidade era para a semana toda\u201d, conta um investigador, que solicitou anonimato.<\/p>\n<p>A Assessoria da Pol\u00edcia Civil reconheceu que houve a recomenda\u00e7\u00e3o para a economia no abastecimento dos ve\u00edculos, por\u00e9m disse que o caso foi pontual e que n\u00e3o comprometeu o servi\u00e7o da corpora\u00e7\u00e3o.<\/p>\n<p>Com uma frota de 4.342 ve\u00edculos em todo o Estado, a Pol\u00edcia Civil informou que n\u00e3o houve nenhuma interrup\u00e7\u00e3o no deslocamento das viaturas da unidade.<\/p>\n<p>Por\u00e9m, a informa\u00e7\u00e3o de que o problema foi solucionado \u00e9 contestada por quem realiza o trabalho de investiga\u00e7\u00e3o. \u201cEstamos proibidos de abastecer nos postos conveniados porque a parceria foi suspensa. E a bomba que temos dentro da corpora\u00e7\u00e3o est\u00e1 no limite\u201d, contou um agente da pol\u00edcia, que tamb\u00e9m solicitou anonimato.<\/p>\n<p>Apenas as opera\u00e7\u00f5es previamente programadas est\u00e3o sendo realizadas no Estado. \u201cComo existe essa recomenda\u00e7\u00e3o de economia de combust\u00edvel, as prioridades s\u00e3o as opera\u00e7\u00f5es policiais que j\u00e1 estavam previstas em cada departamento\u201d, explica outro investigador.<\/p>\n<p>Para o Sindicato dos Policiais Civis de Minas Gerais (Sindpol), a falta de gasolina compromete a conclus\u00e3o das investiga\u00e7\u00f5es. \u201c\u00c9 o colapso da seguran\u00e7a p\u00fablica em Minas. Isso afeta as dilig\u00eancias, os processos de apura\u00e7\u00e3o e investiga\u00e7\u00e3o at\u00e9 nos resultados das opera\u00e7\u00f5es que levam meses para serem elaboradas. Um trabalho jogado fora\u201d, avalia o presidente do Sindpol, Denilson Martins.<\/p>\n<h4>Unidades ambientais adaptam atividades de preserva\u00e7\u00e3o<\/h4>\n<p>Na \u00faltima ter\u00e7a-feira, o Hoje em Dia noticiou que a falta de combust\u00edvel atinge ve\u00edculos que atendem \u00e0 manuten\u00e7\u00e3o e preserva\u00e7\u00e3o de parques estaduais em Minas.<\/p>\n<p>H\u00e1 mais de dez dias, as unidades de conserva\u00e7\u00e3o adaptam as atividades. Em alguns parques, at\u00e9 as marca\u00e7\u00f5es de visitas come\u00e7aram a ser reduzidas por falta de estrutura.<\/p>\n<p>A reportagem procurou novamente a Secretaria de Estado de Meio Ambiente e Desenvolvimento Sustent\u00e1vel (Semad) para comentar a situa\u00e7\u00e3o, mas at\u00e9 o fechamento desta edi\u00e7\u00e3o n\u00e3o havia recebido retorno.<\/p>\n<p><strong><em>(Fonte: Hoje em Dia)<\/em><\/strong><\/p>\n","protected":false},"excerpt":{"rendered":"<p>A falta de combust\u00edvel para manter as viaturas da Pol\u00edcia Militar j\u00e1 prejudica as vigil\u00e2ncias ostensiva e preventiva em Minas Gerais. No interior, o problema afeta pelo menos tr\u00eas batalh\u00f5es h\u00e1 cerca de duas semanas. Na capital, a corpora\u00e7\u00e3o atua h\u00e1 pelo menos seis dias em esquema de rod\u00edzio ou racionamento: algumas guarni\u00e7\u00f5es recebem, no [&hellip;]<\/p>\n","protected":false},"author":1,"featured_media":47218,"comment_status":"open","ping_status":"closed","sticky":false,"template":"","format":"standard","meta":{"amp_status":"","footnotes":""},"categories":[123],"tags":[25603,25602,193,194,1528,25606,25601,210,25607,25604,25605],"class_list":["post-47217","post","type-post","status-publish","format-standard","has-post-thumbnail","hentry","category-gerais","tag-aspra","tag-associacao-dos-pracas-da-pm","tag-barbacena","tag-belo-horizonte","tag-conselheiro-lafaiete","tag-escassez-de-combustivel-atinge-tambem-a-civil","tag-falta-de-combustivel-para-manter-as-viaturas-da-policia-militar","tag-montes-claros","tag-racionamento-de-combustivel-para-viaturas-da-policia-militar-prejudica-vigilancia-em-minas","tag-sindicato-dos-policiais-civis-de-minas-gerais","tag-sindpol"],"_links":{"self":[{"href":"https:\/\/aconteceunovale.com.br\/portal\/index.php?rest_route=\/wp\/v2\/posts\/47217","targetHints":{"allow":["GET"]}}],"collection":[{"href":"https:\/\/aconteceunovale.com.br\/portal\/index.php?rest_route=\/wp\/v2\/posts"}],"about":[{"href":"https:\/\/aconteceunovale.com.br\/portal\/index.php?rest_route=\/wp\/v2\/types\/post"}],"author":[{"embeddable":true,"href":"https:\/\/aconteceunovale.com.br\/portal\/index.php?rest_route=\/wp\/v2\/users\/1"}],"replies":[{"embeddable":true,"href":"https:\/\/aconteceunovale.com.br\/portal\/index.php?rest_route=%2Fwp%2Fv2%2Fcomments&post=47217"}],"version-history":[{"count":0,"href":"https:\/\/aconteceunovale.com.br\/portal\/index.php?rest_route=\/wp\/v2\/posts\/47217\/revisions"}],"wp:featuredmedia":[{"embeddable":true,"href":"https:\/\/aconteceunovale.com.br\/portal\/index.php?rest_route=\/wp\/v2\/media\/47218"}],"wp:attachment":[{"href":"https:\/\/aconteceunovale.com.br\/portal\/index.php?rest_route=%2Fwp%2Fv2%2Fmedia&parent=47217"}],"wp:term":[{"taxonomy":"category","embeddable":true,"href":"https:\/\/aconteceunovale.com.br\/portal\/index.php?rest_route=%2Fwp%2Fv2%2Fcategories&post=47217"},{"taxonomy":"post_tag","embeddable":true,"href":"https:\/\/aconteceunovale.com.br\/portal\/index.php?rest_route=%2Fwp%2Fv2%2Ftags&post=47217"}],"curies":[{"name":"wp","href":"https:\/\/api.w.org\/{rel}","templated":true}]}}