{"id":47215,"date":"2014-12-04T11:49:36","date_gmt":"2014-12-04T14:49:36","guid":{"rendered":"http:\/\/aconteceunovale.com.br\/portal\/?p=47215"},"modified":"2014-12-04T11:49:36","modified_gmt":"2014-12-04T14:49:36","slug":"homem-e-executado-com-sete-tiros-em-mato-verde","status":"publish","type":"post","link":"https:\/\/aconteceunovale.com.br\/portal\/?p=47215","title":{"rendered":"Homem \u00e9 executado com sete tiros em Mato Verde"},"content":{"rendered":"<h4><strong><em>V\u00edtima estava na Rua Mestre Apr\u00edgio quando 2 homens chegaram atirando. Em Montes Claros, um jovem de 24 anos tamb\u00e9m foi atingido por um tiro.<\/em><\/strong><\/h4>\n<p>A Pol\u00edcia Militar procura dois homens suspeitos de envolvimento em um homic\u00eddio na noite desta quarta-feira (3), em Mato Verde, no Norte de Minas.<\/p>\n<p>Segundo relato de testemunhas, a v\u00edtima de 26 anos estava sentado com a esposa dele em uma cal\u00e7ada, na Rua Mestre Apr\u00edgio, quando dois homens chegaram em uma motocicleta, um deles desceu e efetuou v\u00e1rios disparos. A v\u00edtima foi atingida por sete tiros e morreu no local.<\/p>\n<p>Ap\u00f3s o crime, os suspeitos fugiram. A Pol\u00edcia investiga qual a motiva\u00e7\u00e3o do assassinato.<\/p>\n<h4>Em Montes Claros<\/h4>\n<p>Um homem de 24 anos foi atingido por um tiro nas costas. Segundo a pol\u00edcia, a v\u00edtima estava na porta de casa no Bairro Dr. Jo\u00e3o Alves, quando foi surpreendido por dois homens. Eles estavam em um carro e desceram atirando. O Rapaz foi socorrido por familiares e levado para um hospital.<\/p>\n<p>A Pol\u00edcia Militar foi at\u00e9 a casa da v\u00edtima e apreendeu dois menores infratores. Com eles, a pol\u00edcia encontrou um rev\u00f3lver e dinheiro. Testemunhas informaram \u00e0 PM que a v\u00edtima era traficante na regi\u00e3o e que os adolescentes estariam trabalhando na casa dele. Ainda segundo testemunhas,  o local era utilizado como ponto para comercializa\u00e7\u00e3o de droga. Os menores foram encaminhados \u00e0 Delegacia.<\/p>\n<p><strong><em>(Inter TV Grande Minas)<\/em><\/strong><\/p>\n","protected":false},"excerpt":{"rendered":"<p>V\u00edtima estava na Rua Mestre Apr\u00edgio quando 2 homens chegaram atirando. Em Montes Claros, um jovem de 24 anos tamb\u00e9m foi atingido por um tiro. A Pol\u00edcia Militar procura dois homens suspeitos de envolvimento em um homic\u00eddio na noite desta quarta-feira (3), em Mato Verde, no Norte de Minas. Segundo relato de testemunhas, a v\u00edtima [&hellip;]<\/p>\n","protected":false},"author":1,"featured_media":42404,"comment_status":"open","ping_status":"closed","sticky":false,"template":"","format":"standard","meta":{"amp_status":"","footnotes":""},"categories":[1236],"tags":[25600,1195,210],"class_list":["post-47215","post","type-post","status-publish","format-standard","has-post-thumbnail","hentry","category-norte_de_minas","tag-homem-e-executado-com-sete-tiros-em-mato-verde","tag-mato-verde","tag-montes-claros"],"_links":{"self":[{"href":"https:\/\/aconteceunovale.com.br\/portal\/index.php?rest_route=\/wp\/v2\/posts\/47215","targetHints":{"allow":["GET"]}}],"collection":[{"href":"https:\/\/aconteceunovale.com.br\/portal\/index.php?rest_route=\/wp\/v2\/posts"}],"about":[{"href":"https:\/\/aconteceunovale.com.br\/portal\/index.php?rest_route=\/wp\/v2\/types\/post"}],"author":[{"embeddable":true,"href":"https:\/\/aconteceunovale.com.br\/portal\/index.php?rest_route=\/wp\/v2\/users\/1"}],"replies":[{"embeddable":true,"href":"https:\/\/aconteceunovale.com.br\/portal\/index.php?rest_route=%2Fwp%2Fv2%2Fcomments&post=47215"}],"version-history":[{"count":0,"href":"https:\/\/aconteceunovale.com.br\/portal\/index.php?rest_route=\/wp\/v2\/posts\/47215\/revisions"}],"wp:featuredmedia":[{"embeddable":true,"href":"https:\/\/aconteceunovale.com.br\/portal\/index.php?rest_route=\/wp\/v2\/media\/42404"}],"wp:attachment":[{"href":"https:\/\/aconteceunovale.com.br\/portal\/index.php?rest_route=%2Fwp%2Fv2%2Fmedia&parent=47215"}],"wp:term":[{"taxonomy":"category","embeddable":true,"href":"https:\/\/aconteceunovale.com.br\/portal\/index.php?rest_route=%2Fwp%2Fv2%2Fcategories&post=47215"},{"taxonomy":"post_tag","embeddable":true,"href":"https:\/\/aconteceunovale.com.br\/portal\/index.php?rest_route=%2Fwp%2Fv2%2Ftags&post=47215"}],"curies":[{"name":"wp","href":"https:\/\/api.w.org\/{rel}","templated":true}]}}