{"id":47211,"date":"2014-12-04T11:45:32","date_gmt":"2014-12-04T14:45:32","guid":{"rendered":"http:\/\/aconteceunovale.com.br\/portal\/?p=47211"},"modified":"2014-12-04T21:15:05","modified_gmt":"2014-12-05T00:15:05","slug":"joao-dos-reis-canela-e-reconduzido-ao-cargo-de-reitor-da-unimontes","status":"publish","type":"post","link":"https:\/\/aconteceunovale.com.br\/portal\/?p=47211","title":{"rendered":"Jo\u00e3o dos Reis Canela \u00e9 reconduzido ao cargo de reitor da Unimontes"},"content":{"rendered":"<h4><strong><em>Decis\u00e3o do Governador foi publicada na Imprensa Oficial de Minas Gerais. Jo\u00e3o dos Reis Canela permanecer\u00e1 no cargo pelos pr\u00f3ximo 4 anos.<\/em><\/strong><\/h4>\n<p>O atual reitor da Universidade Estadual de Montes Claros (Unimontes), Jo\u00e3o dos Reis Canela, foi reconduzido ao cargo pelo Governo de Minas. A decis\u00e3o foi publicada na manh\u00e3 desta quinta-feira (4), pela Imprensa Oficial de Minas Gerais.<\/p>\n<p>Segundo a decis\u00e3o, Jo\u00e3o dos Reis permanecer\u00e1 na reitoria pelos pr\u00f3ximos quatro anos, e Ant\u00f4nio Alvimar Souza ser\u00e1 o seu vice.<\/p>\n<p>A elei\u00e7\u00e3o para a escolha do novo dirigente da Universidade aconteceu no \u00faltimo dia 6 de novembro, e concorria o atual reitor Jo\u00e3o Canela, que teve 35% dos votos. O m\u00e9dico Jo\u00e3o Batista Silv\u00e9rio ficou com 26%, e Wagner Santiago obteve a maioria dos votos, 39%.<\/p>\n<p>A lista tr\u00edplice com o nome dos candidatos foi encaminhada ao Governador de Minas Gerais Alberto Pinto Coelho, que decidiu reconduzir ao cargo de provimento em comiss\u00e3o o atual reitor Jo\u00e3o dos Reis Canela. <\/p>\n<p><img decoding=\"async\" src=\"http:\/\/aconteceunovale.com.br\/portal\/wp-content\/uploads\/2014\/12\/joao_canela.jpg\" alt=\"\" \/><em>Jo\u00e3o Canela permanecer\u00e1 no cargo (Foto: Assessoria Unimontes)<\/em><br \/>\n<\/br><\/p>\n<p>Em nota o reitor afirma que se sente honrado em ser reconduzido pelo governador e que dar\u00e1 continuidade a projetos e a\u00e7\u00f5es da universidade. <\/p>\n<p>&#8220;Juntamente com o professor Ant\u00f4nio Alvimar Souza, novo vice-reitor, cumpriremos mais quatro anos de mandato com prop\u00f3sitos puramente institucionais com objetivos e miss\u00f5es estruturantes para o ensino superior em todo o seu contexto&#8221;<\/p>\n<p>O reitor disse ainda que fato de aceitar a nomea\u00e7\u00e3o atende \u00e0s normas institucionais legalmente estabelecidas. Regras de conhecimento pleno de quem se prop\u00f4s ao processo, do in\u00edcio ao fim.<\/p>\n<p>&#8220;H\u00e1 circunst\u00e2ncias como esta em que deixamos os interesses pessoais de lado para pensar institucionalmente. Fui convencido por expressiva parte da comunidade acad\u00eamica e por setores da sociedade regional a continuar no cargo.&#8221;<\/p>\n<p>A posse que \u00e9 a formalidade do ato deve acontecer at\u00e9 a pr\u00f3xima segunda-feira (8).<\/p>\n<p><strong><em>(Inter TV Grande Minas)<\/em><\/strong><\/p>\n","protected":false},"excerpt":{"rendered":"<p>Decis\u00e3o do Governador foi publicada na Imprensa Oficial de Minas Gerais. Jo\u00e3o dos Reis Canela permanecer\u00e1 no cargo pelos pr\u00f3ximo 4 anos. O atual reitor da Universidade Estadual de Montes Claros (Unimontes), Jo\u00e3o dos Reis Canela, foi reconduzido ao cargo pelo Governo de Minas. A decis\u00e3o foi publicada na manh\u00e3 desta quinta-feira (4), pela Imprensa [&hellip;]<\/p>\n","protected":false},"author":1,"featured_media":47212,"comment_status":"open","ping_status":"closed","sticky":false,"template":"","format":"standard","meta":{"amp_status":"","footnotes":""},"categories":[1236],"tags":[25598,22211,25597,25596,22205,763,25599],"class_list":["post-47211","post","type-post","status-publish","format-standard","has-post-thumbnail","hentry","category-norte_de_minas","tag-antonio-alvimar-souza","tag-joao-batista-silverio","tag-joao-dos-reis-canela","tag-joao-dos-reis-canela-e-reconduzido-ao-cargo-de-reitor-da-unimontes","tag-reitor-da-unimontes","tag-unimontes","tag-wagner-santiago"],"_links":{"self":[{"href":"https:\/\/aconteceunovale.com.br\/portal\/index.php?rest_route=\/wp\/v2\/posts\/47211","targetHints":{"allow":["GET"]}}],"collection":[{"href":"https:\/\/aconteceunovale.com.br\/portal\/index.php?rest_route=\/wp\/v2\/posts"}],"about":[{"href":"https:\/\/aconteceunovale.com.br\/portal\/index.php?rest_route=\/wp\/v2\/types\/post"}],"author":[{"embeddable":true,"href":"https:\/\/aconteceunovale.com.br\/portal\/index.php?rest_route=\/wp\/v2\/users\/1"}],"replies":[{"embeddable":true,"href":"https:\/\/aconteceunovale.com.br\/portal\/index.php?rest_route=%2Fwp%2Fv2%2Fcomments&post=47211"}],"version-history":[{"count":0,"href":"https:\/\/aconteceunovale.com.br\/portal\/index.php?rest_route=\/wp\/v2\/posts\/47211\/revisions"}],"wp:featuredmedia":[{"embeddable":true,"href":"https:\/\/aconteceunovale.com.br\/portal\/index.php?rest_route=\/wp\/v2\/media\/47212"}],"wp:attachment":[{"href":"https:\/\/aconteceunovale.com.br\/portal\/index.php?rest_route=%2Fwp%2Fv2%2Fmedia&parent=47211"}],"wp:term":[{"taxonomy":"category","embeddable":true,"href":"https:\/\/aconteceunovale.com.br\/portal\/index.php?rest_route=%2Fwp%2Fv2%2Fcategories&post=47211"},{"taxonomy":"post_tag","embeddable":true,"href":"https:\/\/aconteceunovale.com.br\/portal\/index.php?rest_route=%2Fwp%2Fv2%2Ftags&post=47211"}],"curies":[{"name":"wp","href":"https:\/\/api.w.org\/{rel}","templated":true}]}}