{"id":47201,"date":"2014-12-04T10:58:38","date_gmt":"2014-12-04T13:58:38","guid":{"rendered":"http:\/\/aconteceunovale.com.br\/portal\/?p=47201"},"modified":"2014-12-04T12:15:14","modified_gmt":"2014-12-04T15:15:14","slug":"onibus-de-turismo-cai-em-ribanceira-e-cinco-pessoas-morrem-na-br-381","status":"publish","type":"post","link":"https:\/\/aconteceunovale.com.br\/portal\/?p=47201","title":{"rendered":"\u00d4nibus de turismo cai em ribanceira e cinco pessoas morrem na BR-381"},"content":{"rendered":"<h4><strong><em>\u00d4nibus saiu da pista e caiu em uma ribanceira \u00e0s margens da rodovia em Bela Vista de Minas. N\u00famero de \u00f3bitos pode aumentar.<\/em><\/strong><\/h4>\n<p>Um grave acidente com um \u00f4nibus de turismo matou, pelo menos, cinco pessoas e deixou outras 22 feridas, na madrugada desta quinta-feira (4), na BR-381, em Bela Vista de Minas, na regi\u00e3o Central do Estado.<\/p>\n<p><img decoding=\"async\" src=\"http:\/\/aconteceunovale.com.br\/portal\/wp-content\/uploads\/2014\/12\/onibus_381_4_12_3.jpg\" alt=\"\" \/><em>Acidente aconteceu na madrugada desta quinta (4) &#8211; Foto: Internauta\/WhatsApp<\/em><br \/>\n<\/br><\/p>\n<p>De acordo com informa\u00e7\u00f5es do Corpo de Bombeiros de Itabira e da Pol\u00edcia Rodovi\u00e1ria Federal (PRF) de Jo\u00e3o Monlevade, ap\u00f3s sair da pista em uma curva, na altura do KM 344, o ve\u00edculo caiu em uma ribanceira. <\/p>\n<p>&#8220;Como o ve\u00edculo capotou, objetos e pessoas foram lan\u00e7ados para fora&#8221;, afirmou o soldado do Corpo de Bombeiros, Daniel Ara\u00fajo Arcanjo.<\/p>\n<p>Segundo a Pol\u00edcia Militar de Bela Vista de Minas, o \u00f4nibus ainda n\u00e3o foi retirado do local, que \u00e9 de dif\u00edcil acesso. No momento do acidente, n\u00e3o chovia na regi\u00e3o.<\/p>\n<p>As v\u00edtimas foram levadas para o Hospital Margarida, em Jo\u00e3o Monlevade. Segundo a assessoria de imprensa da unidade de sa\u00fade, dos 22 feridos, uma adolescente de 16 anos e um homem de 51 chegaram \u00e0 institui\u00e7\u00e3o em  estado grave e est\u00e3o sendo transferidos para o Hospital de Pronto-Socorro (HPS) Jo\u00e3o XXIII, em Belo Horizonte. Do total de v\u00edtimas, tr\u00eas s\u00e3o menores de 12 anos, sendo um beb\u00ea de 2 anos. Ainda, segundo a assessoria, j\u00e1 teve paciente liberado e o motorista j\u00e1 foi medicado.<\/p>\n<p>&#8220;Os mortos s\u00e3o tr\u00eas homens e duas mulheres e os corpos foram levados para o Instituto M\u00e9dico Legal (IML) de Jo\u00e3o Monlevade&#8221;, contou Arcanjo.<\/p>\n<p>Ainda n\u00e3o se sabe o que teria provocado o acidente, que aconteceu por volta das 3h. Como o ve\u00edculo saiu da pista, n\u00e3o h\u00e1 reten\u00e7\u00f5es no trecho. As v\u00edtimas ainda n\u00e3o foram identificadas.<\/p>\n<h4>\u00d4nibus da Bahia<\/h4>\n<p>Ainda conforme a PRF, o ve\u00edculo de turismo saiu de Ribeira Pombal, na Bahia, e seguia com destino a S\u00e3o Paulo. A pol\u00edcia confirmou que o \u00f4nibus tem registro na Ag\u00eancia Nacional de Transportes Terrestres (ANTT). Por\u00e9m, como a documenta\u00e7\u00e3o ficou toda espalhada no local do acidente, n\u00e3o foi poss\u00edvel verificar se ele tinha autoriza\u00e7\u00e3o para fazer viagens interestaduais.<\/p>\n<p>Nenhuma lista de passageiros foi localizada entre os objetos do \u00f4nibus, at\u00e9 o momento. Segundo a PRF, a empresa Tako Transportes j\u00e1 fez contato com a pol\u00edcia e toma provid\u00eancia para dar suporte as v\u00edtimas.<\/p>\n<h4>Repercuss\u00e3o na cidade<\/h4>\n<p>Em Ribeira do Pombal, que fica no Norte da Bahia, a 256 quil\u00f4metros de Salvador, a not\u00edcia do acidente j\u00e1 se espalhou. &#8220;A informa\u00e7\u00e3o chegou no in\u00edcio da manh\u00e3 e pegou a todos de surpresa. Moradores est\u00e3o chocados com essa trag\u00e9dia&#8221;, disse assessor de imprensa da prefeitura, Cleidson Cardoso.<\/p>\n<p>A central da Pol\u00edcia Rodovi\u00e1ria Federal de Salvador j\u00e1 est\u00e1 ciente do acidente e fez contato com a PRF de Minas para pegar mais dados da trag\u00e9dia.<\/p>\n<p>&#8220;Eles sa\u00edram daqui ontem. A empresa, que \u00e9 particular, sempre faz viagens para S\u00e3o Paulo. A maioria dos passageiros \u00e9 de Ribeira de Pombal, mas podem ter pessoas de outras cidades vizinhas. Nos colocamos \u00e0 disposi\u00e7\u00e3o deles&#8221;.<\/p>\n<p>Nenhum representante da &#8220;Gil Tur&#8221;, respons\u00e1vel pelo \u00f4nibus, foi encontrado para comentar o caso.<\/p>\n<p><img decoding=\"async\" src=\"http:\/\/aconteceunovale.com.br\/portal\/wp-content\/uploads\/2014\/12\/onibus_381_4_12_1.jpg\" alt=\"\" \/><em>Acidente aconteceu na madrugada desta quinta (4) &#8211; Foto: Internauta\/WhatsApp<\/em><br \/>\n<\/br><\/p>\n<p><img decoding=\"async\" src=\"http:\/\/aconteceunovale.com.br\/portal\/wp-content\/uploads\/2014\/12\/onibus_381_4_12_2.jpg\" alt=\"\" \/><em>Acidente aconteceu na madrugada desta quinta (4) &#8211; Foto: Internauta\/WhatsApp<\/em><br \/>\n<\/br><\/p>\n<p><strong><em>(Fonte: O Tempo Online)<\/em><\/strong><\/p>\n","protected":false},"excerpt":{"rendered":"<p>\u00d4nibus saiu da pista e caiu em uma ribanceira \u00e0s margens da rodovia em Bela Vista de Minas. N\u00famero de \u00f3bitos pode aumentar. Um grave acidente com um \u00f4nibus de turismo matou, pelo menos, cinco pessoas e deixou outras 22 feridas, na madrugada desta quinta-feira (4), na BR-381, em Bela Vista de Minas, na regi\u00e3o [&hellip;]<\/p>\n","protected":false},"author":1,"featured_media":47204,"comment_status":"open","ping_status":"closed","sticky":false,"template":"","format":"standard","meta":{"amp_status":"","footnotes":""},"categories":[123],"tags":[25581,25583,25591,25592,25585,25580,25582,25584,25586,25587,1726,194,25590,1018,1102,25579,25588,25589,2382,25613],"class_list":["post-47201","post","type-post","status-publish","format-standard","has-post-thumbnail","hentry","category-gerais","tag-acidente-com-onibus-bela-vista-de-minas","tag-acidente-com-onibus-da-bahia","tag-acidente-com-onibus-da-gil-tur","tag-acidente-com-onibus-da-gil-tur-de-ribeira-do-pombal","tag-acidente-com-onibus-de-ribeira-do-pombal","tag-acidente-com-onibus-em-bela-vista-de-minas","tag-acidente-com-onibus-em-minas-gerais","tag-acidente-com-onibus-na-br-381","tag-acidente-com-onibus-que-seguia-da-bahia-para-sao-paulo","tag-acidente-com-onibus-que-seguia-para-sao-paulo","tag-bela-vista-de-minas","tag-belo-horizonte","tag-cleidson-cardoso","tag-destaque","tag-joao-monlevade","tag-onibus-de-turismo-cai-em-ribanceira-e-cinco-pessoas-morrem-na-br-381","tag-onibus-de-turismo-saiu-da-pista-e-caiu-em-uma-ribanceira-as-margens-da-rodovia-em-bela-vista-de-minas","tag-ribeira-do-pombal","tag-sao-paulo","tag-tako-transportes"],"_links":{"self":[{"href":"https:\/\/aconteceunovale.com.br\/portal\/index.php?rest_route=\/wp\/v2\/posts\/47201","targetHints":{"allow":["GET"]}}],"collection":[{"href":"https:\/\/aconteceunovale.com.br\/portal\/index.php?rest_route=\/wp\/v2\/posts"}],"about":[{"href":"https:\/\/aconteceunovale.com.br\/portal\/index.php?rest_route=\/wp\/v2\/types\/post"}],"author":[{"embeddable":true,"href":"https:\/\/aconteceunovale.com.br\/portal\/index.php?rest_route=\/wp\/v2\/users\/1"}],"replies":[{"embeddable":true,"href":"https:\/\/aconteceunovale.com.br\/portal\/index.php?rest_route=%2Fwp%2Fv2%2Fcomments&post=47201"}],"version-history":[{"count":0,"href":"https:\/\/aconteceunovale.com.br\/portal\/index.php?rest_route=\/wp\/v2\/posts\/47201\/revisions"}],"wp:featuredmedia":[{"embeddable":true,"href":"https:\/\/aconteceunovale.com.br\/portal\/index.php?rest_route=\/wp\/v2\/media\/47204"}],"wp:attachment":[{"href":"https:\/\/aconteceunovale.com.br\/portal\/index.php?rest_route=%2Fwp%2Fv2%2Fmedia&parent=47201"}],"wp:term":[{"taxonomy":"category","embeddable":true,"href":"https:\/\/aconteceunovale.com.br\/portal\/index.php?rest_route=%2Fwp%2Fv2%2Fcategories&post=47201"},{"taxonomy":"post_tag","embeddable":true,"href":"https:\/\/aconteceunovale.com.br\/portal\/index.php?rest_route=%2Fwp%2Fv2%2Ftags&post=47201"}],"curies":[{"name":"wp","href":"https:\/\/api.w.org\/{rel}","templated":true}]}}