{"id":47197,"date":"2014-12-03T22:39:44","date_gmt":"2014-12-04T01:39:44","guid":{"rendered":"http:\/\/aconteceunovale.com.br\/portal\/?p=47197"},"modified":"2014-12-03T22:39:44","modified_gmt":"2014-12-04T01:39:44","slug":"brasileiro-consome-mais-de-5-litros-de-agrotoxico-por-ano","status":"publish","type":"post","link":"https:\/\/aconteceunovale.com.br\/portal\/?p=47197","title":{"rendered":"Brasileiro consome mais de 5 litros de agrot\u00f3xico por ano"},"content":{"rendered":"<p>O Brasil \u00e9 campe\u00e3o mundial no uso de agrot\u00f3xicos, cabendo a cada brasileiro o consumo m\u00e9dio de 5,2 litros de veneno agr\u00edcola por ano. O dado foi divulgado hoje (3) por ambientalistas, quando \u00e9 celebrado o Dia Internacional da Luta contra os Agrot\u00f3xicos. A data lembra a trag\u00e9dia ocorrida h\u00e1 30 anos, na cidade de Bhopal, na \u00cdndia, quando uma f\u00e1brica da Union Carbide, atual Dow Chemical, explodiu, liberando toneladas de veneno no ar, matando nas primeiras horas 2 mil pessoas e vitimando de forma fatal outras milhares nos dias seguintes.<\/p>\n<p>A data foi lembrada em diversas cidades brasileiras. No Rio de Janeiro foi organizado um protesto, na Cinel\u00e2ndia, em frente \u00e0 C\u00e2mara de Vereadores. O integrante da coordena\u00e7\u00e3o nacional da Campanha Permanente Contra os Agrot\u00f3xicos e Pela Vida Alan Tygel criticou o modelo agr\u00edcola brasileiro, dirigido \u00e0 exporta\u00e7\u00e3o e altamente dependente de agrot\u00f3xicos.<\/p>\n<p>\u201cN\u00f3s, aqui no Brasil, estamos desde 2008 na lideran\u00e7a como os maiores consumidores de agrot\u00f3xicos no mundo. Isso por conta do modelo adotado pelo pa\u00eds, do agroneg\u00f3cio. O Brasil se coloca no cen\u00e1rio mundial como exportador de mat\u00e9rias primas b\u00e1sicas, sem nenhum valor agregado, como \u00e9 o caso da soja, do milho e da cana. S\u00e3o produtos que ocupam a maior parte da \u00e1rea agricult\u00e1vel brasileira, \u00e0 medida em que a superf\u00edcie para alimentos b\u00e1sicos vem diminuindo\u201d, destacou o ativista.<\/p>\n<p>Segundo ele, o pa\u00eds \u00e9 campe\u00e3o no uso de agrot\u00f3xicos, com consumo per capita de 5,2 litros por habitante ao ano. \u201cMas isso n\u00e3o \u00e9 dividido de forma igual. Se pegarmos munic\u00edpios do Mato Grosso, por exemplo, como Lucas do Rio Verde, l\u00e1 se consome 120 litros de agrot\u00f3xicos por habitante\u201d, alertou Tygel. Os ambientalistas querem o fim da pulveriza\u00e7\u00e3o a\u00e9rea &#8211; medida j\u00e1 praticamente banida em toda Europa -, o fim da comercializa\u00e7\u00e3o de princ\u00edpios ativos proibidos em outros pa\u00edses e o fim da isen\u00e7\u00e3o fiscal para os agrot\u00f3xicos.<\/p>\n<p>\u201cUma das nossas bandeiras \u00e9 o fim da pulveriza\u00e7\u00e3o a\u00e9rea, pois uma pequena parte do agrot\u00f3xico cai na planta, e a grande parte cai no solo, na \u00e1gua e nas comunidades que moram no entorno. Temos popula\u00e7\u00f5es ind\u00edgenas pulverizadas por agrot\u00f3xicos, que desenvolveram uma s\u00e9rie de doen\u00e7as, desde coceiras e tonteiras at\u00e9 c\u00e2ncer e depress\u00e3o, levando ao suic\u00eddio e \u00e0 m\u00e1 forma\u00e7\u00e3o fetal\u201d, enfatizou Tygel.<\/p>\n<p>Al\u00e9m disso, ressaltou que o meio ambiente \u00e9 fortemente impactado, com extin\u00e7\u00e3o em massa de diversas esp\u00e9cies de insetos, como abelhas, repercutindo na baixa poliniza\u00e7\u00e3o das plantas e na produ\u00e7\u00e3o de mel. Tamb\u00e9m as \u00e1guas s\u00e3o contaminadas com mol\u00e9culas absorvidas pelos animais e pelo ser humano, levando a uma s\u00e9rie de doen\u00e7as, que muitas vezes s\u00e3o passadas das m\u00e3es para os filhos. Mais informa\u00e7\u00f5es sobre o assunto podem ser obtidas na p\u00e1gina <a href=\"http:\/\/www.contraosagrotoxicos.org\" target=\"_blank\">www.contraosagrotoxicos.org<\/a>.<\/p>\n<p><em>(Ag\u00eancia Brasil)<\/em><\/p>\n","protected":false},"excerpt":{"rendered":"<p>O Brasil \u00e9 campe\u00e3o mundial no uso de agrot\u00f3xicos, cabendo a cada brasileiro o consumo m\u00e9dio de 5,2 litros de veneno agr\u00edcola por ano. O dado foi divulgado hoje (3) por ambientalistas, quando \u00e9 celebrado o Dia Internacional da Luta contra os Agrot\u00f3xicos. A data lembra a trag\u00e9dia ocorrida h\u00e1 30 anos, na cidade de [&hellip;]<\/p>\n","protected":false},"author":1,"featured_media":47198,"comment_status":"open","ping_status":"closed","sticky":false,"template":"","format":"standard","meta":{"amp_status":"","footnotes":""},"categories":[6],"tags":[25577,22863,25578,25569,25567,25566,25572,25575,25568,25571,25574,25573,25570,12417,25576],"class_list":["post-47197","post","type-post","status-publish","format-standard","has-post-thumbnail","hentry","category-br","tag-agricultura","tag-agrotoxicos","tag-alan-tygel","tag-bhopal","tag-brasil-e-campeao-mundial-no-uso-de-agrotoxicos","tag-brasileiro-consome-mais-de-5-litros-de-agrotoxico-por-ano","tag-campanha-permanente-contra-os-agrotoxicos","tag-defensivos-agricolas","tag-dia-internacional-da-luta-contra-os-agrotoxicos","tag-dow-chemical","tag-lucas-do-rio-verde","tag-pela-vida-alan-tygel","tag-union-carbide","tag-uso-de-agrotoxicos","tag-venenos"],"_links":{"self":[{"href":"https:\/\/aconteceunovale.com.br\/portal\/index.php?rest_route=\/wp\/v2\/posts\/47197","targetHints":{"allow":["GET"]}}],"collection":[{"href":"https:\/\/aconteceunovale.com.br\/portal\/index.php?rest_route=\/wp\/v2\/posts"}],"about":[{"href":"https:\/\/aconteceunovale.com.br\/portal\/index.php?rest_route=\/wp\/v2\/types\/post"}],"author":[{"embeddable":true,"href":"https:\/\/aconteceunovale.com.br\/portal\/index.php?rest_route=\/wp\/v2\/users\/1"}],"replies":[{"embeddable":true,"href":"https:\/\/aconteceunovale.com.br\/portal\/index.php?rest_route=%2Fwp%2Fv2%2Fcomments&post=47197"}],"version-history":[{"count":0,"href":"https:\/\/aconteceunovale.com.br\/portal\/index.php?rest_route=\/wp\/v2\/posts\/47197\/revisions"}],"wp:featuredmedia":[{"embeddable":true,"href":"https:\/\/aconteceunovale.com.br\/portal\/index.php?rest_route=\/wp\/v2\/media\/47198"}],"wp:attachment":[{"href":"https:\/\/aconteceunovale.com.br\/portal\/index.php?rest_route=%2Fwp%2Fv2%2Fmedia&parent=47197"}],"wp:term":[{"taxonomy":"category","embeddable":true,"href":"https:\/\/aconteceunovale.com.br\/portal\/index.php?rest_route=%2Fwp%2Fv2%2Fcategories&post=47197"},{"taxonomy":"post_tag","embeddable":true,"href":"https:\/\/aconteceunovale.com.br\/portal\/index.php?rest_route=%2Fwp%2Fv2%2Ftags&post=47197"}],"curies":[{"name":"wp","href":"https:\/\/api.w.org\/{rel}","templated":true}]}}