{"id":47194,"date":"2014-12-03T22:28:52","date_gmt":"2014-12-04T01:28:52","guid":{"rendered":"http:\/\/aconteceunovale.com.br\/portal\/?p=47194"},"modified":"2014-12-03T22:29:05","modified_gmt":"2014-12-04T01:29:05","slug":"montes-claros-tera-voos-para-tres-destinos-internacionais","status":"publish","type":"post","link":"https:\/\/aconteceunovale.com.br\/portal\/?p=47194","title":{"rendered":"Montes Claros ter\u00e1 voos para tr\u00eas destinos internacionais"},"content":{"rendered":"<h4><strong><em>Montes Claros, Juiz de Fora e Uberl\u00e2ndia, ter\u00e3o voos internacionais para Lisboa, al\u00e9m de Punta Cana (Rep\u00fablica Dominicana) e Buenos Aires.<\/em><\/strong><\/h4>\n<p>At\u00e9 o fim do primeiro trimestre de 2015, tr\u00eas cidades mineiras, Montes Claros (Norte de Minas), Juiz de Fora (Zona da Mata) e Uberl\u00e2ndia (Tri\u00e2ngulo Mineiro), ter\u00e3o voos internacionais para Punta Cana (Rep\u00fablica Dominicana), Lisboa e Buenos Aires. Os voos ser\u00e3o operados pela Gol e empresas parceiras \u2013 Aerol\u00edneas Argentinas e TAP Linhas A\u00e9reas.<\/p>\n<p><img decoding=\"async\" src=\"http:\/\/aconteceunovale.com.br\/portal\/wp-content\/uploads\/2014\/12\/aeroporto_moc1.jpg\" alt=\"\" \/><em>Voos partir\u00e3o do aeroporto de Montes Claros com escala em Confins &#8211; Foto: Infraero\/Divulga\u00e7\u00e3o<\/em><br \/>\n<\/br><\/p>\n<p>O presidente da Gol Linhas A\u00e9reas, Paulo Sergio Kakinoff, ressaltou que o cronograma de implanta\u00e7\u00e3o dos voos depende da aprova\u00e7\u00e3o da Ag\u00eancia Nacional de Avia\u00e7\u00e3o Civil (Anac) e Minist\u00e9rio da Defesa, cujos pedidos j\u00e1 foram protocolados, bem como precisa do aval do \u00f3rg\u00e3o que trata da defesa da concorr\u00eancia. Dessa forma, o cronograma ser\u00e1 divulgado gradativamente.<br \/>\nNeste m\u00eas, no dia 24, a Gol inaugura os voos de Punta Cana, com sa\u00edda de Confins. Ser\u00e3o dois voos diretos por semana entre os dois locais.<\/p>\n<p>O valor das passagens, conforme o presidente da Gol, varia de acordo com a data e o per\u00edodo de aquisi\u00e7\u00e3o dos bilhetes. \u201cQuanto maior for anteced\u00eancia da compra, melhor os pre\u00e7os\u201d, diz.<\/p>\n<p>Nesta quarta, Kakinoff esteve na Cidade Administrativa Presidente Tancredo Neves, em Belo Horizonte, para assinar o protocolo de inten\u00e7\u00f5es, que resultar\u00e1 na cria\u00e7\u00e3o de 17 voos comerciais em novos mercados regionais, nacionais e internacionais, al\u00e9m do refor\u00e7o de quatro trechos j\u00e1 existentes. O acordo tamb\u00e9m prev\u00ea que o Aeroporto Regional na Zona da Mata seja uma nova base da Gol em Minas. <\/p>\n<p><em>(O Tempo Online)<\/em><\/p>\n","protected":false},"excerpt":{"rendered":"<p>Montes Claros, Juiz de Fora e Uberl\u00e2ndia, ter\u00e3o voos internacionais para Lisboa, al\u00e9m de Punta Cana (Rep\u00fablica Dominicana) e Buenos Aires. At\u00e9 o fim do primeiro trimestre de 2015, tr\u00eas cidades mineiras, Montes Claros (Norte de Minas), Juiz de Fora (Zona da Mata) e Uberl\u00e2ndia (Tri\u00e2ngulo Mineiro), ter\u00e3o voos internacionais para Punta Cana (Rep\u00fablica Dominicana), [&hellip;]<\/p>\n","protected":false},"author":1,"featured_media":47195,"comment_status":"open","ping_status":"closed","sticky":false,"template":"","format":"standard","meta":{"amp_status":"","footnotes":""},"categories":[1236],"tags":[25560,23885,1018,25253,25562,206,25559,210,25564,25565,25563,25251,25561,221],"class_list":["post-47194","post","type-post","status-publish","format-standard","has-post-thumbnail","hentry","category-norte_de_minas","tag-aerolineas-argentinas","tag-buenos-aires","tag-destaque","tag-gol","tag-gol-linhas-aereas","tag-juiz-de-fora","tag-lisboa","tag-montes-claros","tag-montes-claros-tera-voos-internacionais","tag-montes-claros-tera-voos-para-tres-destinos-internacionais","tag-paulo-sergio-kakinoff","tag-punta-cana","tag-tap-linhas-aereas","tag-uberlandia"],"_links":{"self":[{"href":"https:\/\/aconteceunovale.com.br\/portal\/index.php?rest_route=\/wp\/v2\/posts\/47194","targetHints":{"allow":["GET"]}}],"collection":[{"href":"https:\/\/aconteceunovale.com.br\/portal\/index.php?rest_route=\/wp\/v2\/posts"}],"about":[{"href":"https:\/\/aconteceunovale.com.br\/portal\/index.php?rest_route=\/wp\/v2\/types\/post"}],"author":[{"embeddable":true,"href":"https:\/\/aconteceunovale.com.br\/portal\/index.php?rest_route=\/wp\/v2\/users\/1"}],"replies":[{"embeddable":true,"href":"https:\/\/aconteceunovale.com.br\/portal\/index.php?rest_route=%2Fwp%2Fv2%2Fcomments&post=47194"}],"version-history":[{"count":0,"href":"https:\/\/aconteceunovale.com.br\/portal\/index.php?rest_route=\/wp\/v2\/posts\/47194\/revisions"}],"wp:featuredmedia":[{"embeddable":true,"href":"https:\/\/aconteceunovale.com.br\/portal\/index.php?rest_route=\/wp\/v2\/media\/47195"}],"wp:attachment":[{"href":"https:\/\/aconteceunovale.com.br\/portal\/index.php?rest_route=%2Fwp%2Fv2%2Fmedia&parent=47194"}],"wp:term":[{"taxonomy":"category","embeddable":true,"href":"https:\/\/aconteceunovale.com.br\/portal\/index.php?rest_route=%2Fwp%2Fv2%2Fcategories&post=47194"},{"taxonomy":"post_tag","embeddable":true,"href":"https:\/\/aconteceunovale.com.br\/portal\/index.php?rest_route=%2Fwp%2Fv2%2Ftags&post=47194"}],"curies":[{"name":"wp","href":"https:\/\/api.w.org\/{rel}","templated":true}]}}