{"id":47191,"date":"2014-12-03T22:18:55","date_gmt":"2014-12-04T01:18:55","guid":{"rendered":"http:\/\/aconteceunovale.com.br\/portal\/?p=47191"},"modified":"2014-12-03T22:18:55","modified_gmt":"2014-12-04T01:18:55","slug":"veiculos-licenciados-a-partir-de-2016-terao-placa-no-padrao-mercosul","status":"publish","type":"post","link":"https:\/\/aconteceunovale.com.br\/portal\/?p=47191","title":{"rendered":"Ve\u00edculos licenciados a partir de 2016 ter\u00e3o placa no padr\u00e3o Mercosul"},"content":{"rendered":"<h4><strong><em>Nos cinco pa\u00edses que fazem parte do Mercosul, a medida atingir\u00e1 frota de quase 110 milh\u00f5es de ve\u00edculos e facilitar\u00e1 o acesso a dados como modelo, marca, fabrica\u00e7\u00e3o, tipo de ve\u00edculo, al\u00e9m de gerar informa\u00e7\u00f5es sobre roubos e furtos.<\/em><\/strong><\/h4>\n<p>Os cinco pa\u00edses que fazem parte do Mercosul \u2013 Brasil, Argentina, Paraguai, Uruguai e Venezuela \u2013 ter\u00e3o modelo de placa unificada para ve\u00edculos a partir de 2016. A medida atingir\u00e1 frota de quase 110 milh\u00f5es de ve\u00edculos nos cinco pa\u00edses e tem o objetivo de fortalecer a integra\u00e7\u00e3o regional e a circula\u00e7\u00e3o de cidad\u00e3os entre membros do bloco.<\/p>\n<p>De acordo com o Minist\u00e9rio das Rela\u00e7\u00f5es Exteriores, a mudan\u00e7a deve acontecer de maneira gradual no Brasil. Na pr\u00e1tica, isso significa que a partir de 1\u00b0 de janeiro de 2016 o novo modelo s\u00f3 ser\u00e1 obrigat\u00f3rio em ve\u00edculos novos \u2013 no momento do primeiro emplacamento \u2013 e em autom\u00f3veis que passarem por transfer\u00eancia de propriedade ou de local do emplacamento.<\/p>\n<p><img decoding=\"async\" src=\"http:\/\/aconteceunovale.com.br\/portal\/wp-content\/uploads\/2014\/12\/nova_placa.png\" alt=\"\" \/><em>Nova estrutura \u00e9 capaz de gerar at\u00e9 450 milh\u00f5es combina\u00e7\u00f5es &#8211; Foto: Divulga\u00e7\u00e3o<\/em><br \/>\n<\/br><\/p>\n<h4>450 milh\u00f5es de combina\u00e7\u00f5es <\/h4>\n<p>As novas placas adotadas no Mercosul ter\u00e3o 13 cm de altura por 40 cm de largura, as mesmas dimens\u00f5es utilizadas hoje no Brasil. O design ser\u00e1 semelhante ao adotado nos pa\u00edses da Uni\u00e3o Europeia: fundo branco com faixa azul na parte superior. Haver\u00e1 ainda o s\u00edmbolo do Mercosul \u00e0 esquerda, al\u00e9m do nome e da bandeira do pa\u00eds de origem do ve\u00edculo.<\/p>\n<p>A nova identifica\u00e7\u00e3o ser\u00e1 formada por sete caracteres: duas letras, tr\u00eas n\u00fameros e mais duas letras. Essa estrutura \u00e9 capaz de gerar at\u00e9 450 milh\u00f5es de diferentes combina\u00e7\u00f5es. O modelo utilizado hoje no Brasil poderia chegar a 175 milh\u00f5es de possibilidades.<\/p>\n<p>Segundo o Itamaraty, a unifica\u00e7\u00e3o do sistema nos cinco pa\u00edses facilitar\u00e1 a circula\u00e7\u00e3o e a seguran\u00e7a no tr\u00e2nsito entre pa\u00edses do bloco, contribuindo, por exemplo, para melhor fiscaliza\u00e7\u00e3o aduaneira e migrat\u00f3ria. Al\u00e9m disso, a unifica\u00e7\u00e3o resultar\u00e1 em um sistema integrado de consultas \u00e0s informa\u00e7\u00f5es dos ve\u00edculos. Essa integra\u00e7\u00e3o tamb\u00e9m facilitar\u00e1 o acesso a dados de propriedade, modelo, marca, fabrica\u00e7\u00e3o e tipo de ve\u00edculo, al\u00e9m de gerar informa\u00e7\u00f5es sobre roubos e furtos.<\/p>\n<p><iframe loading=\"lazy\" width=\"640\" height=\"360\" src=\"\/\/www.youtube.com\/embed\/xpsEWQf7Q3o\" frameborder=\"0\" allowfullscreen><\/iframe><\/p>\n<h4>Sistema brasileiro<\/h4>\n<p>O modelo de placas brasileiro \u2013 que possui tr\u00eas letras e quatro n\u00fameros \u2013 foi adotado no Brasil na d\u00e9cada de 1990 para substituir as antigas placas amarelas. Pela varia\u00e7\u00e3o de combina\u00e7\u00f5es poss\u00edveis, o sistema brasileiro poderia ser mantido at\u00e9 2030. Na Argentina, no entanto, o sistema atual possui tr\u00eas letras e tr\u00eas n\u00fameros, o que o torna sustent\u00e1vel somente at\u00e9 2015. Sendo assim, o padr\u00e3o de placas do Mercosul j\u00e1 deve ser aplicado na Argentina a partir do ano que vem.<\/p>\n<p><em>(Fonte: Blog do Planalto)<\/em><\/p>\n","protected":false},"excerpt":{"rendered":"<p>Nos cinco pa\u00edses que fazem parte do Mercosul, a medida atingir\u00e1 frota de quase 110 milh\u00f5es de ve\u00edculos e facilitar\u00e1 o acesso a dados como modelo, marca, fabrica\u00e7\u00e3o, tipo de ve\u00edculo, al\u00e9m de gerar informa\u00e7\u00f5es sobre roubos e furtos. Os cinco pa\u00edses que fazem parte do Mercosul \u2013 Brasil, Argentina, Paraguai, Uruguai e Venezuela \u2013 [&hellip;]<\/p>\n","protected":false},"author":1,"featured_media":47192,"comment_status":"open","ping_status":"closed","sticky":false,"template":"","format":"standard","meta":{"amp_status":"","footnotes":""},"categories":[6],"tags":[25558,25557,25556],"class_list":["post-47191","post","type-post","status-publish","format-standard","has-post-thumbnail","hentry","category-br","tag-brasil-tera-modelo-de-placas-de-veiculos-unificado-com-o-mercosul","tag-placa-padrao-mercosul","tag-veiculos-licenciados-a-partir-de-2016-terao-placa-no-padrao-mercosul"],"_links":{"self":[{"href":"https:\/\/aconteceunovale.com.br\/portal\/index.php?rest_route=\/wp\/v2\/posts\/47191","targetHints":{"allow":["GET"]}}],"collection":[{"href":"https:\/\/aconteceunovale.com.br\/portal\/index.php?rest_route=\/wp\/v2\/posts"}],"about":[{"href":"https:\/\/aconteceunovale.com.br\/portal\/index.php?rest_route=\/wp\/v2\/types\/post"}],"author":[{"embeddable":true,"href":"https:\/\/aconteceunovale.com.br\/portal\/index.php?rest_route=\/wp\/v2\/users\/1"}],"replies":[{"embeddable":true,"href":"https:\/\/aconteceunovale.com.br\/portal\/index.php?rest_route=%2Fwp%2Fv2%2Fcomments&post=47191"}],"version-history":[{"count":0,"href":"https:\/\/aconteceunovale.com.br\/portal\/index.php?rest_route=\/wp\/v2\/posts\/47191\/revisions"}],"wp:featuredmedia":[{"embeddable":true,"href":"https:\/\/aconteceunovale.com.br\/portal\/index.php?rest_route=\/wp\/v2\/media\/47192"}],"wp:attachment":[{"href":"https:\/\/aconteceunovale.com.br\/portal\/index.php?rest_route=%2Fwp%2Fv2%2Fmedia&parent=47191"}],"wp:term":[{"taxonomy":"category","embeddable":true,"href":"https:\/\/aconteceunovale.com.br\/portal\/index.php?rest_route=%2Fwp%2Fv2%2Fcategories&post=47191"},{"taxonomy":"post_tag","embeddable":true,"href":"https:\/\/aconteceunovale.com.br\/portal\/index.php?rest_route=%2Fwp%2Fv2%2Ftags&post=47191"}],"curies":[{"name":"wp","href":"https:\/\/api.w.org\/{rel}","templated":true}]}}