{"id":47181,"date":"2014-12-03T19:00:58","date_gmt":"2014-12-03T22:00:58","guid":{"rendered":"http:\/\/aconteceunovale.com.br\/portal\/?p=47181"},"modified":"2014-12-03T19:00:58","modified_gmt":"2014-12-03T22:00:58","slug":"maracatu-recebe-titulo-de-patrimonio-cultural-imaterial-do-brasil","status":"publish","type":"post","link":"https:\/\/aconteceunovale.com.br\/portal\/?p=47181","title":{"rendered":"Maracatu recebe t\u00edtulo de Patrim\u00f4nio Cultural Imaterial do Brasil"},"content":{"rendered":"<p>Manifesta\u00e7\u00f5es culturais, o maracatu na\u00e7\u00e3o, o maracatu baque solto e o cavalo marinho receberam hoje (3) o t\u00edtulo de Patrim\u00f4nio Cultural Imaterial do Brasil. O t\u00edtulo foi concedido em vota\u00e7\u00e3o un\u00e2nime do Conselho Consultivo do Patrim\u00f4nio Cultural. O reconhecimento amplia a visibilidade p\u00fablica sobre o bem imaterial e assegura maior apoio.<\/p>\n<p>O maracatu na\u00e7\u00e3o \u00e9 uma forma de express\u00e3o que apresenta um conjunto musical percussivo e um cortejo real que sai \u00e0s ruas para desfiles e apresenta\u00e7\u00f5es durante o carnaval. Os grupos s\u00e3o compostos majoritariamente por negros e se apresentam na periferia da regi\u00e3o metropolitana do Recife. \u00c9 entendido como uma forma de express\u00e3o que congrega rela\u00e7\u00f5es comunit\u00e1rias, compartilhamento de pr\u00e1ticas, mem\u00f3ria e v\u00ednculos com o sagrado.<\/p>\n<p><img decoding=\"async\" src=\"http:\/\/aconteceunovale.com.br\/portal\/wp-content\/uploads\/2014\/12\/maracatu.jpg\" alt=\"\" \/><em>T\u00edtulo recebido pelo maracatu amplia visibilidade p\u00fablica &#8211; Foto: Teia\/Divulga\u00e7\u00e3o<\/em><br \/>\n<\/br><\/p>\n<p>O maracatu baque solto ocorre durante as comemora\u00e7\u00f5es do carnaval e da P\u00e1scoa. \u00c9 composto por dan\u00e7a, m\u00fasica e poesia e est\u00e1 associado ao ciclo canavieiro da Zona da Mata (faixa litor\u00e2nea da Regi\u00e3o Nordeste que se estende do Rio Grande do Norte at\u00e9 a Bahia, passando pelos estados da Para\u00edba, de Pernambuco, de Alagoas e de Sergipe) e tamb\u00e9m tem apresenta\u00e7\u00f5es no Recife. Diferente do maracatu na\u00e7\u00e3o, o baque solto \u00e9 um resultado da fus\u00e3o de manifesta\u00e7\u00f5es populares, como cambindas, bumba-meu-boi, cavalo marinho e coroa\u00e7\u00e3o dos reis negros.<\/p>\n<p>O cavalo marinho \u00e9 uma brincadeira popular envolvendo performances dram\u00e1ticas, musicais e coreogr\u00e1ficas e \u00e9 apresentado durante o ciclo natalino. Os brincadores s\u00e3o, em geral, trabalhadores da Zona da Mata. A manifesta\u00e7\u00e3o aparece tamb\u00e9m nas regi\u00f5es metropolitanas do Recife e de Jo\u00e3o Pessoa. No passado, a brincadeira era feita nos engenhos de cana-de-a\u00e7\u00facar e seu conhecimento \u00e9 transmitido de forma oral. Nesta modalidade, s\u00e3o representadas cenas do cotidiano e do mundo do trabalho rural, com variado repert\u00f3rio musical, poesia, rituais e dan\u00e7as com personagens mascarados e animais, como o cavalo.<\/p>\n<p><strong><em>(Ag\u00eancia Brasil)<\/em><\/strong><\/p>\n","protected":false},"excerpt":{"rendered":"<p>Manifesta\u00e7\u00f5es culturais, o maracatu na\u00e7\u00e3o, o maracatu baque solto e o cavalo marinho receberam hoje (3) o t\u00edtulo de Patrim\u00f4nio Cultural Imaterial do Brasil. O t\u00edtulo foi concedido em vota\u00e7\u00e3o un\u00e2nime do Conselho Consultivo do Patrim\u00f4nio Cultural. O reconhecimento amplia a visibilidade p\u00fablica sobre o bem imaterial e assegura maior apoio. O maracatu na\u00e7\u00e3o \u00e9 [&hellip;]<\/p>\n","protected":false},"author":1,"featured_media":47182,"comment_status":"open","ping_status":"closed","sticky":false,"template":"","format":"standard","meta":{"amp_status":"","footnotes":""},"categories":[6],"tags":[25542,25543,25538,25541,25539,25540,25536,25544,25537,21177],"class_list":["post-47181","post","type-post","status-publish","format-standard","has-post-thumbnail","hentry","category-br","tag-cavalo-marinho","tag-conselho-consultivo-do-patrimonio-cultural","tag-maracatu","tag-maracatu-baque-solto","tag-maracatu-e-patrimonio-cultural-imaterial-do-brasil","tag-maracatu-nacao","tag-maracatu-recebe-titulo-de-patrimonio-cultural-imaterial-do-brasil","tag-patrimonio-cultural-imaterial","tag-patrimonio-cultural-imaterial-do-brasil","tag-recife"],"_links":{"self":[{"href":"https:\/\/aconteceunovale.com.br\/portal\/index.php?rest_route=\/wp\/v2\/posts\/47181","targetHints":{"allow":["GET"]}}],"collection":[{"href":"https:\/\/aconteceunovale.com.br\/portal\/index.php?rest_route=\/wp\/v2\/posts"}],"about":[{"href":"https:\/\/aconteceunovale.com.br\/portal\/index.php?rest_route=\/wp\/v2\/types\/post"}],"author":[{"embeddable":true,"href":"https:\/\/aconteceunovale.com.br\/portal\/index.php?rest_route=\/wp\/v2\/users\/1"}],"replies":[{"embeddable":true,"href":"https:\/\/aconteceunovale.com.br\/portal\/index.php?rest_route=%2Fwp%2Fv2%2Fcomments&post=47181"}],"version-history":[{"count":0,"href":"https:\/\/aconteceunovale.com.br\/portal\/index.php?rest_route=\/wp\/v2\/posts\/47181\/revisions"}],"wp:featuredmedia":[{"embeddable":true,"href":"https:\/\/aconteceunovale.com.br\/portal\/index.php?rest_route=\/wp\/v2\/media\/47182"}],"wp:attachment":[{"href":"https:\/\/aconteceunovale.com.br\/portal\/index.php?rest_route=%2Fwp%2Fv2%2Fmedia&parent=47181"}],"wp:term":[{"taxonomy":"category","embeddable":true,"href":"https:\/\/aconteceunovale.com.br\/portal\/index.php?rest_route=%2Fwp%2Fv2%2Fcategories&post=47181"},{"taxonomy":"post_tag","embeddable":true,"href":"https:\/\/aconteceunovale.com.br\/portal\/index.php?rest_route=%2Fwp%2Fv2%2Ftags&post=47181"}],"curies":[{"name":"wp","href":"https:\/\/api.w.org\/{rel}","templated":true}]}}