{"id":47171,"date":"2014-12-03T18:32:18","date_gmt":"2014-12-03T21:32:18","guid":{"rendered":"http:\/\/aconteceunovale.com.br\/portal\/?p=47171"},"modified":"2014-12-03T18:32:18","modified_gmt":"2014-12-03T21:32:18","slug":"homem-e-preso-com-sementes-e-pe-de-maconha-em-salto-da-divisa","status":"publish","type":"post","link":"https:\/\/aconteceunovale.com.br\/portal\/?p=47171","title":{"rendered":"Homem \u00e9 preso com sementes e p\u00e9 de maconha em Salto da Divisa"},"content":{"rendered":"<h4><strong><em>O mandado foi expedido pelo juiz de Direito da Comarca de Jacinto. Suspeito foi encaminhado para a Delegacia.<\/em><\/strong><\/h4>\n<p>[image src=&#8221;http:\/\/aconteceunovale.com.br\/portal\/wp-content\/uploads\/2014\/12\/apreensao_salto_da_divisa.jpg&#8221; width=&#8221;385&#8243; height=&#8221;350&#8243; lightbox=&#8221;yes&#8221; align=&#8221;left&#8221; float=&#8221;left&#8221;]A Pol\u00edcia Militar cumpriu um mandado de busca e apreens\u00e3o e um homem de 45 anos foi preso ap\u00f3s ser encontrado na casa dele um p\u00e9 de maconha, algumas sementes e drogas na tarde de ter\u00e7a-feira (2) em Salto da Divisa, no Vale do Jequitinhonha.<\/p>\n<p>O homem \u00e9 suspeito de traficar drogas no munic\u00edpio e havia diversas den\u00fancias contra ele. O mandado foi expedido pelo juiz de direito da comarca de Jacinto.<\/p>\n<p>Havia diversas den\u00fancias que acusava o homem de tr\u00e1fico de drogas. Al\u00e9m de um p\u00e9 de maconha encontrado plantado em um baldo, os militares encontraram diversas sementes de maconha e cinco pedras de crack e uma por\u00e7\u00e3o de maconha. O suspeito foi encaminhado para a Delegacia.<\/p>\n<p><em>(Informa\u00e7\u00f5es e foto: 44\u00b0 Batalh\u00e3o de Pol\u00edcia Militar)<\/em><\/p>\n","protected":false},"excerpt":{"rendered":"<p>O mandado foi expedido pelo juiz de Direito da Comarca de Jacinto. Suspeito foi encaminhado para a Delegacia. [image src=&#8221;http:\/\/aconteceunovale.com.br\/portal\/wp-content\/uploads\/2014\/12\/apreensao_salto_da_divisa.jpg&#8221; width=&#8221;385&#8243; height=&#8221;350&#8243; lightbox=&#8221;yes&#8221; align=&#8221;left&#8221; float=&#8221;left&#8221;]A Pol\u00edcia Militar cumpriu um mandado de busca e apreens\u00e3o e um homem de 45 anos foi preso ap\u00f3s ser encontrado na casa dele um p\u00e9 de maconha, algumas sementes e [&hellip;]<\/p>\n","protected":false},"author":1,"featured_media":47172,"comment_status":"open","ping_status":"closed","sticky":false,"template":"","format":"standard","meta":{"amp_status":"","footnotes":""},"categories":[120],"tags":[25519,408,409],"class_list":["post-47171","post","type-post","status-publish","format-standard","has-post-thumbnail","hentry","category-jequi","tag-homem-e-preso-com-sementes-e-pe-de-maconha-em-salto-da-divisa","tag-jacinto","tag-salto-da-divisa"],"_links":{"self":[{"href":"https:\/\/aconteceunovale.com.br\/portal\/index.php?rest_route=\/wp\/v2\/posts\/47171","targetHints":{"allow":["GET"]}}],"collection":[{"href":"https:\/\/aconteceunovale.com.br\/portal\/index.php?rest_route=\/wp\/v2\/posts"}],"about":[{"href":"https:\/\/aconteceunovale.com.br\/portal\/index.php?rest_route=\/wp\/v2\/types\/post"}],"author":[{"embeddable":true,"href":"https:\/\/aconteceunovale.com.br\/portal\/index.php?rest_route=\/wp\/v2\/users\/1"}],"replies":[{"embeddable":true,"href":"https:\/\/aconteceunovale.com.br\/portal\/index.php?rest_route=%2Fwp%2Fv2%2Fcomments&post=47171"}],"version-history":[{"count":0,"href":"https:\/\/aconteceunovale.com.br\/portal\/index.php?rest_route=\/wp\/v2\/posts\/47171\/revisions"}],"wp:featuredmedia":[{"embeddable":true,"href":"https:\/\/aconteceunovale.com.br\/portal\/index.php?rest_route=\/wp\/v2\/media\/47172"}],"wp:attachment":[{"href":"https:\/\/aconteceunovale.com.br\/portal\/index.php?rest_route=%2Fwp%2Fv2%2Fmedia&parent=47171"}],"wp:term":[{"taxonomy":"category","embeddable":true,"href":"https:\/\/aconteceunovale.com.br\/portal\/index.php?rest_route=%2Fwp%2Fv2%2Fcategories&post=47171"},{"taxonomy":"post_tag","embeddable":true,"href":"https:\/\/aconteceunovale.com.br\/portal\/index.php?rest_route=%2Fwp%2Fv2%2Ftags&post=47171"}],"curies":[{"name":"wp","href":"https:\/\/api.w.org\/{rel}","templated":true}]}}