{"id":47149,"date":"2014-12-03T11:48:53","date_gmt":"2014-12-03T14:48:53","guid":{"rendered":"http:\/\/aconteceunovale.com.br\/portal\/?p=47149"},"modified":"2014-12-03T11:48:53","modified_gmt":"2014-12-03T14:48:53","slug":"caso-da-modelo-andressa-urach-levanta-polemica-sobre-uso-de-hidrogel","status":"publish","type":"post","link":"https:\/\/aconteceunovale.com.br\/portal\/?p=47149","title":{"rendered":"Caso da modelo Andressa Urach levanta pol\u00eamica sobre uso de hidrogel"},"content":{"rendered":"<p>Necrose, embolia pulmonar, infec\u00e7\u00f5es e at\u00e9 morte est\u00e3o entre os riscos do uso do hidrogel, subst\u00e2ncia que tem em sua composi\u00e7\u00e3o gel e microesferas de poliamida &#8211; semelhante ao pl\u00e1stico. O produto foi o que causou processo de infec\u00e7\u00e3o na modelo e apresentadora Andressa Urach, de 27 anos, internada em estado grave na Unidade de Terapia Intensiva (UTI) do Hospital Concei\u00e7\u00e3o, em Porto Alegre.<\/p>\n<p>Andressa, que na noite de ter\u00e7a-feira ainda respirava com ajuda de aparelhos, aplicou hidrogel nos membros inferiores h\u00e1 cinco anos em uma cl\u00ednica especializada, em S\u00e3o Paulo.<\/p>\n<p>O material \u00e9 usado para o preenchimento de coxas e gl\u00fateos, em geral, de mulheres que buscam o corpo perfeito. Mas a pr\u00e1tica n\u00e3o \u00e9 recomendada por cirurgi\u00f5es pl\u00e1sticos.<\/p>\n<p>&#8220;\u00c9 autorizado pela Anvisa (Ag\u00eancia Nacional de Vigil\u00e2ncia Sanit\u00e1ria), mas n\u00e3o para ser usado nessa magnitude. Ele tem fun\u00e7\u00e3o de fazer pequenos preenchimentos, como cicatrizes e preenchimentos na face, que se resolvam com 1 ou 2 ml da subst\u00e2ncia&#8221;, diz o presidente da Sociedade Brasileira de Cirurgia Pl\u00e1stica, Jo\u00e3o de Moraes Prado Neto.<\/p>\n<p><img decoding=\"async\" src=\"http:\/\/aconteceunovale.com.br\/portal\/wp-content\/uploads\/2014\/12\/andressa_urach.jpg\" alt=\"\" \/><em>Andressa Urach est\u00e1 internada em estado grave (Foto: Divulga\u00e7\u00e3o)<\/em><br \/>\n<\/br><\/p>\n<p><strong><em>(Ag\u00eancia Estado)<\/em><\/strong><\/p>\n","protected":false},"excerpt":{"rendered":"<p>Necrose, embolia pulmonar, infec\u00e7\u00f5es e at\u00e9 morte est\u00e3o entre os riscos do uso do hidrogel, subst\u00e2ncia que tem em sua composi\u00e7\u00e3o gel e microesferas de poliamida &#8211; semelhante ao pl\u00e1stico. O produto foi o que causou processo de infec\u00e7\u00e3o na modelo e apresentadora Andressa Urach, de 27 anos, internada em estado grave na Unidade de [&hellip;]<\/p>\n","protected":false},"author":1,"featured_media":47150,"comment_status":"open","ping_status":"closed","sticky":false,"template":"","format":"standard","meta":{"amp_status":"","footnotes":""},"categories":[6],"tags":[25489,25493,25486,25494,25492,25491,25488,25490,25487],"class_list":["post-47149","post","type-post","status-publish","format-standard","has-post-thumbnail","hentry","category-br","tag-andressa-urach","tag-andressa-urach-esta-internada-em-estado-grave","tag-caso-da-apresentadora-e-modelo-andressa-urach-levanta-polemica-sobre-uso-de-hidrogel","tag-caso-da-modelo-andressa-urach-levanta-polemica-sobre-uso-de-hidrogel","tag-como-esta-andressa-urach","tag-estado-de-saude-de-andressa-urach","tag-hidrogel","tag-saude-de-andressa-urach","tag-uso-de-hidrogel"],"_links":{"self":[{"href":"https:\/\/aconteceunovale.com.br\/portal\/index.php?rest_route=\/wp\/v2\/posts\/47149","targetHints":{"allow":["GET"]}}],"collection":[{"href":"https:\/\/aconteceunovale.com.br\/portal\/index.php?rest_route=\/wp\/v2\/posts"}],"about":[{"href":"https:\/\/aconteceunovale.com.br\/portal\/index.php?rest_route=\/wp\/v2\/types\/post"}],"author":[{"embeddable":true,"href":"https:\/\/aconteceunovale.com.br\/portal\/index.php?rest_route=\/wp\/v2\/users\/1"}],"replies":[{"embeddable":true,"href":"https:\/\/aconteceunovale.com.br\/portal\/index.php?rest_route=%2Fwp%2Fv2%2Fcomments&post=47149"}],"version-history":[{"count":0,"href":"https:\/\/aconteceunovale.com.br\/portal\/index.php?rest_route=\/wp\/v2\/posts\/47149\/revisions"}],"wp:featuredmedia":[{"embeddable":true,"href":"https:\/\/aconteceunovale.com.br\/portal\/index.php?rest_route=\/wp\/v2\/media\/47150"}],"wp:attachment":[{"href":"https:\/\/aconteceunovale.com.br\/portal\/index.php?rest_route=%2Fwp%2Fv2%2Fmedia&parent=47149"}],"wp:term":[{"taxonomy":"category","embeddable":true,"href":"https:\/\/aconteceunovale.com.br\/portal\/index.php?rest_route=%2Fwp%2Fv2%2Fcategories&post=47149"},{"taxonomy":"post_tag","embeddable":true,"href":"https:\/\/aconteceunovale.com.br\/portal\/index.php?rest_route=%2Fwp%2Fv2%2Ftags&post=47149"}],"curies":[{"name":"wp","href":"https:\/\/api.w.org\/{rel}","templated":true}]}}