{"id":47126,"date":"2014-12-03T10:41:28","date_gmt":"2014-12-03T13:41:28","guid":{"rendered":"http:\/\/aconteceunovale.com.br\/portal\/?p=47126"},"modified":"2014-12-03T10:41:28","modified_gmt":"2014-12-03T13:41:28","slug":"menino-de-10-anos-morre-afogado-em-lago-proximo-a-condominio-de-montes-claros","status":"publish","type":"post","link":"https:\/\/aconteceunovale.com.br\/portal\/?p=47126","title":{"rendered":"Menino de 10 anos morre afogado em lago pr\u00f3ximo a condom\u00ednio de Montes Claros"},"content":{"rendered":"<h4><strong><em>Ele saiu da escola com colegas para brincar no lago de 2m de profundidade. Lagoa fica pr\u00f3xima ao condom\u00ednio Residencial Sul, em Montes Claros.<\/em><\/strong><\/h4>\n<p>Um menino de 10 anos foi encontrado morto na tarde desta ter\u00e7a-feira (2) em uma lagoa pr\u00f3xima ao condom\u00ednio Residencial Sul, em Montes Claros, no Norte de Minas Gerais.<\/p>\n<p>Testemunhas disseram ao Corpo de Bombeiros que Abner Silva Neves juntamente com colegas da Escola Municipal Eunice Carneiro deixaram o col\u00e9gio por volta das 11h30, e foram brincar na lagoa, quando o menino se afogou. Segundo os bombeiros, a local tem dois metros de profundidade.<\/p>\n<p>Ainda de acordo com os bombeiros, por volta das 15 horas, a diretora de escola ficou sabendo do ocorrido e solicitou socorro.<\/p>\n<p>Os militares foram at\u00e9 o local e encontram o corpo do menino. O m\u00e9dico do Samu tamb\u00e9m foi acionado, e constatou a morte da crian\u00e7a. A per\u00edcia da Pol\u00edcia Civil foi chamada, e o corpo foi liberado para a funer\u00e1ria.<\/p>\n<p><img decoding=\"async\" src=\"http:\/\/aconteceunovale.com.br\/portal\/wp-content\/uploads\/2014\/12\/lagoa_moc_3.jpg\" alt=\"\" \/><em>Lagoa fica pr\u00f3xima ao condom\u00ednio Residencial Sul &#8211; Foto: Internauta\/WhatsApp<\/em><br \/>\n<\/br><\/p>\n<p><strong><em>(Inter TV Grande Minas)<\/em><\/strong><\/p>\n","protected":false},"excerpt":{"rendered":"<p>Ele saiu da escola com colegas para brincar no lago de 2m de profundidade. Lagoa fica pr\u00f3xima ao condom\u00ednio Residencial Sul, em Montes Claros. Um menino de 10 anos foi encontrado morto na tarde desta ter\u00e7a-feira (2) em uma lagoa pr\u00f3xima ao condom\u00ednio Residencial Sul, em Montes Claros, no Norte de Minas Gerais. Testemunhas disseram [&hellip;]<\/p>\n","protected":false},"author":1,"featured_media":47124,"comment_status":"open","ping_status":"closed","sticky":false,"template":"","format":"standard","meta":{"amp_status":"","footnotes":""},"categories":[1236],"tags":[25457,25458,25459,25460,25456,210],"class_list":["post-47126","post","type-post","status-publish","format-standard","has-post-thumbnail","hentry","category-norte_de_minas","tag-abner-silva-neves","tag-escola-municipal-eunice-carneiro","tag-lagoa-proxima-ao-condominio-residencial-sul","tag-menino-de-10-anos-morre-afogado-em-lago-proximo-a-condominio-de-montes-claros","tag-menino-de-10-anos-morre-afogado-em-lagoa-proximo-a-condominio-de-montes-claros","tag-montes-claros"],"_links":{"self":[{"href":"https:\/\/aconteceunovale.com.br\/portal\/index.php?rest_route=\/wp\/v2\/posts\/47126","targetHints":{"allow":["GET"]}}],"collection":[{"href":"https:\/\/aconteceunovale.com.br\/portal\/index.php?rest_route=\/wp\/v2\/posts"}],"about":[{"href":"https:\/\/aconteceunovale.com.br\/portal\/index.php?rest_route=\/wp\/v2\/types\/post"}],"author":[{"embeddable":true,"href":"https:\/\/aconteceunovale.com.br\/portal\/index.php?rest_route=\/wp\/v2\/users\/1"}],"replies":[{"embeddable":true,"href":"https:\/\/aconteceunovale.com.br\/portal\/index.php?rest_route=%2Fwp%2Fv2%2Fcomments&post=47126"}],"version-history":[{"count":0,"href":"https:\/\/aconteceunovale.com.br\/portal\/index.php?rest_route=\/wp\/v2\/posts\/47126\/revisions"}],"wp:featuredmedia":[{"embeddable":true,"href":"https:\/\/aconteceunovale.com.br\/portal\/index.php?rest_route=\/wp\/v2\/media\/47124"}],"wp:attachment":[{"href":"https:\/\/aconteceunovale.com.br\/portal\/index.php?rest_route=%2Fwp%2Fv2%2Fmedia&parent=47126"}],"wp:term":[{"taxonomy":"category","embeddable":true,"href":"https:\/\/aconteceunovale.com.br\/portal\/index.php?rest_route=%2Fwp%2Fv2%2Fcategories&post=47126"},{"taxonomy":"post_tag","embeddable":true,"href":"https:\/\/aconteceunovale.com.br\/portal\/index.php?rest_route=%2Fwp%2Fv2%2Ftags&post=47126"}],"curies":[{"name":"wp","href":"https:\/\/api.w.org\/{rel}","templated":true}]}}