{"id":47111,"date":"2014-12-03T09:51:47","date_gmt":"2014-12-03T12:51:47","guid":{"rendered":"http:\/\/aconteceunovale.com.br\/portal\/?p=47111"},"modified":"2014-12-03T09:51:47","modified_gmt":"2014-12-03T12:51:47","slug":"forum-das-aguas-discute-impactos-e-oportunidades-da-escassez-hidrica-e-saneamento","status":"publish","type":"post","link":"https:\/\/aconteceunovale.com.br\/portal\/?p=47111","title":{"rendered":"F\u00f3rum das \u00c1guas discute impactos e oportunidades da escassez h\u00eddrica e saneamento"},"content":{"rendered":"<p><em><\/p>\n<h4><strong>O evento vai definir os novos rumos da gest\u00e3o dos recursos h\u00eddricos em Minas Gerais, com \u00eanfase na Bacia do Rio Paraopeba<\/strong><\/h4>\n<p><\/em><\/p>\n<p>Com o objetivo de discutir a atual situa\u00e7\u00e3o dos principais rios do Estado de Minas Gerais, o Cons\u00f3rcio Intermunicipal da Bacia Hidrogr\u00e1fica do Rio Paraopeba (Cibapar) realiza, em parceria com o\u00a0<a href=\"http:\/\/www.igam.mg.gov.br\/\" target=\"_blank\">Instituto Mineiro de Gest\u00e3o (Igam)<\/a>, nos dias 4 e 5 de dezembro, o 1\u00ba F\u00f3rum das \u00c1guas, a partir de 9h, no Instituto Inhotim. Norteados pelo tema \u201cEscassez H\u00eddrica e Saneamento: Impactos e Oportunidades\u201d, especialistas e autoridades apresentar\u00e3o um panorama dos impactos da estiagem ao longo de 2014.<\/p>\n<p>O Evento propiciar\u00e1 o desenvolvimento de a\u00e7\u00f5es para o ano de 2015. Autoridades pol\u00edticas e representantes de \u00f3rg\u00e3os p\u00fablicos, comit\u00eas de bacias hidrogr\u00e1ficas, sindicatos, associa\u00e7\u00f5es, empresas privadas, produtores rurais, entidades e estudantes universit\u00e1rios participar\u00e3o. Ao todo, 20 palestras ser\u00e3o ministradas durante os dois dias de evento.<\/p>\n<p>O tema \u201cGerenciamento em um cen\u00e1rio de risco: diagn\u00f3stico do per\u00edodo de estiagem em Minas Gerais\u201d, com a Diretora-Geral do Igam, Mar\u00edlia Melo, abre o ciclo de palestras, expondo os reflexos da seca no estado e os planos para a gest\u00e3o em situa\u00e7\u00f5es de crise. \u201cA situa\u00e7\u00e3o atual nos tr\u00e1s desafios para o aperfei\u00e7oamento da gest\u00e3o das \u00e1guas. Assegurar \u00e1gua em qualidade e quantidade para os seus m\u00faltiplos usos, em per\u00edodos de estiagem, requer um grande pacto social para o desenvolvimento sustent\u00e1vel em Minas Gerais\u201d, disse a Diretora-Geral.<\/p>\n<p>Um dos focos da confer\u00eancia ser\u00e1 a Bacia do Paraopeba, principal afluente do Rio S\u00e3o Francisco, que apresentou queda no volume da \u00e1gua em alguns trechos. A proposta \u00e9 tentar reduzir os poss\u00edveis problemas decorrentes da seca, com o desenvolvimento de a\u00e7\u00f5es de conscientiza\u00e7\u00e3o voltadas para a popula\u00e7\u00e3o e para os representantes dos 48 munic\u00edpios mineiros impactados.<\/p>\n<p>O F\u00f3rum das \u00c1guas tamb\u00e9m vai apresentar o projeto executivo de saneamento e implanta\u00e7\u00e3o de rede de esgoto na Bacia do Paraopeba. Na ocasi\u00e3o, os representantes do executivo dos munic\u00edpios por onde passa o Rio assinar\u00e3o o Protocolo de Inten\u00e7\u00f5es pelo Saneamento. A a\u00e7\u00e3o vai de encontro \u00e0 meta do Plano Nacional de Saneamento B\u00e1sico, um dos compromissos do Brasil com os Objetivos do Mil\u00eanio das Na\u00e7\u00f5es Unidas. At\u00e9 2015, o objetivo \u00e9 reduzir pela metade a propor\u00e7\u00e3o de pessoas que n\u00e3o usufruem desses servi\u00e7os.<\/p>\n<p>Haver\u00e1 ainda a assinatura do Protocolo de Inten\u00e7\u00f5es para a atualiza\u00e7\u00e3o do Plano de Recursos H\u00eddricos da Bacia do Rio Paraopeba, um compromisso entre a Semad, o Igam, a Ag\u00eancia Nacional de \u00c1guas (ANA) e o Comit\u00ea da Bacia do Paraopeba. Representantes dos setores el\u00e9trico, industrial e agr\u00edcola tamb\u00e9m v\u00e3o expor vis\u00f5es e experi\u00eancias durante a estiagem deste ano.<\/p>\n<p>\u201cPretendemos estabelecer uma efetiva gest\u00e3o na administra\u00e7\u00e3o p\u00fablica entre as esferas federal, estaduais e municipais para buscar a redu\u00e7\u00e3o dos impactos ambientais e sociais, com a\u00e7\u00f5es que visam o monitoramento, a gest\u00e3o eficiente e a infraestrutura das entidades e \u00f3rg\u00e3os envolvidos\u201d, afirma Breno Carone, Presidente do Cibapar.<\/p>\n<p>Para ver a programa\u00e7\u00e3o completa do evento acesse o site\u00a0<a href=\"http:\/\/www.cibapar.org.br\/forumdasaguas\" target=\"_blank\">www.cibapar.org.br\/forumdasaguas<\/a> (Ag\u00eancia Minas)<\/p>\n","protected":false},"excerpt":{"rendered":"<p>O evento vai definir os novos rumos da gest\u00e3o dos recursos h\u00eddricos em Minas Gerais, com \u00eanfase na Bacia do Rio Paraopeba Com o objetivo de discutir a atual situa\u00e7\u00e3o dos principais rios do Estado de Minas Gerais, o Cons\u00f3rcio Intermunicipal da Bacia Hidrogr\u00e1fica do Rio Paraopeba (Cibapar) realiza, em parceria com o\u00a0Instituto Mineiro de [&hellip;]<\/p>\n","protected":false},"author":1,"featured_media":47112,"comment_status":"open","ping_status":"closed","sticky":false,"template":"","format":"standard","meta":{"amp_status":"","footnotes":""},"categories":[123],"tags":[25429,25426,25428,25425,25427,25431,25430,25424],"class_list":["post-47111","post","type-post","status-publish","format-standard","has-post-thumbnail","hentry","category-gerais","tag-1o-forum-das-aguas","tag-bacia-do-rio-paraopeba","tag-cibapar","tag-com-enfase-na-bacia-do-rio-paraopeba","tag-consorcio-intermunicipal-da-bacia-hidrografica-do-rio-paraopeba","tag-forum-das-aguas-discute-impactos-e-oportunidades-da-escassez-hidrica-e-saneamento","tag-instituto-inhotim","tag-o-evento-vai-definir-os-novos-rumos-da-gestao-dos-recursos-hidricos-em-minas-gerais"],"_links":{"self":[{"href":"https:\/\/aconteceunovale.com.br\/portal\/index.php?rest_route=\/wp\/v2\/posts\/47111","targetHints":{"allow":["GET"]}}],"collection":[{"href":"https:\/\/aconteceunovale.com.br\/portal\/index.php?rest_route=\/wp\/v2\/posts"}],"about":[{"href":"https:\/\/aconteceunovale.com.br\/portal\/index.php?rest_route=\/wp\/v2\/types\/post"}],"author":[{"embeddable":true,"href":"https:\/\/aconteceunovale.com.br\/portal\/index.php?rest_route=\/wp\/v2\/users\/1"}],"replies":[{"embeddable":true,"href":"https:\/\/aconteceunovale.com.br\/portal\/index.php?rest_route=%2Fwp%2Fv2%2Fcomments&post=47111"}],"version-history":[{"count":0,"href":"https:\/\/aconteceunovale.com.br\/portal\/index.php?rest_route=\/wp\/v2\/posts\/47111\/revisions"}],"wp:featuredmedia":[{"embeddable":true,"href":"https:\/\/aconteceunovale.com.br\/portal\/index.php?rest_route=\/wp\/v2\/media\/47112"}],"wp:attachment":[{"href":"https:\/\/aconteceunovale.com.br\/portal\/index.php?rest_route=%2Fwp%2Fv2%2Fmedia&parent=47111"}],"wp:term":[{"taxonomy":"category","embeddable":true,"href":"https:\/\/aconteceunovale.com.br\/portal\/index.php?rest_route=%2Fwp%2Fv2%2Fcategories&post=47111"},{"taxonomy":"post_tag","embeddable":true,"href":"https:\/\/aconteceunovale.com.br\/portal\/index.php?rest_route=%2Fwp%2Fv2%2Ftags&post=47111"}],"curies":[{"name":"wp","href":"https:\/\/api.w.org\/{rel}","templated":true}]}}