{"id":47105,"date":"2014-12-03T09:15:18","date_gmt":"2014-12-03T12:15:18","guid":{"rendered":"http:\/\/aconteceunovale.com.br\/portal\/?p=47105"},"modified":"2014-12-03T09:15:18","modified_gmt":"2014-12-03T12:15:18","slug":"samu-realiza-reuniao-publica-em-taiobeiras","status":"publish","type":"post","link":"https:\/\/aconteceunovale.com.br\/portal\/?p=47105","title":{"rendered":"Samu realiza reuni\u00e3o p\u00fablica em Taiobeiras"},"content":{"rendered":"<h4><strong><em>Com o tema Parceria pela Vida, o ciclo de reuni\u00f5es est\u00e1 mobilizando a popula\u00e7\u00e3o norte mineira a melhor utilizar os servi\u00e7os prestados pelo Samu<\/em><\/strong><\/h4>\n<p>Desde o in\u00edcio de novembro, o Servi\u00e7o de Atendimento M\u00f3vel de Urg\u00eancia do Norte de Minas (Samu Macro Norte) est\u00e1 realizando uma s\u00e9rie de reuni\u00f5es p\u00fablicas, com o tema \u201cParceria pela Vida: O Samu mais perto de voc\u00ea\u201d, com objetivo de promover um esfor\u00e7o de comunica\u00e7\u00e3o de car\u00e1ter educativo e social para que a popula\u00e7\u00e3o seja orientada em rela\u00e7\u00e3o \u00e0 melhor utiliza\u00e7\u00e3o do servi\u00e7o.<\/p>\n<p>As reuni\u00f5es est\u00e3o sendo realizadas nos munic\u00edpios sede das nove microrregi\u00f5es que comp\u00f5em o Norte de Minas. As pr\u00f3ximas reuni\u00f5es ser\u00e3o realizadas em Taiobeiras (04\/12), Pirapora (09\/12) e em Montes Claros (11\/12), reunindo os munic\u00edpios que comp\u00f5em cada microrregi\u00e3o. Antes do encontro, o N\u00facleo de Educa\u00e7\u00e3o Permanente do Samu realiza um curso de urg\u00eancia e emerg\u00eancia para os socorristas e profissionais que atuam nos hospitais e centros de sa\u00fade dos munic\u00edpios envolvidos no encontro.<\/p>\n<p>O presidente do Cons\u00f3rcio Intermunicipal de Sa\u00fade da rede de Urg\u00eancia do Norte de Minas (Cisrun) e prefeito de Bocaiuva, Ricardo Afonso Veloso, destaca que no dia 22 de dezembro o Samu Macro Norte completa seis anos, mas ainda registra cerca de 30% dos chamados como liga\u00e7\u00e3o de brincadeira, e \u00e9 importante que a popula\u00e7\u00e3o seja orientada para melhor utilizar o servi\u00e7o. \u201cAl\u00e9m de dificultar o atendimento a uma pessoa que realmente necessita, os trotes geram gastos de recursos com a sa\u00edda de ambul\u00e2ncias desnecessariamente\u201d, ressalta o prefeito.<\/p>\n<p>De acordo com o Minist\u00e9rio da Sa\u00fade, cada sa\u00edda de uma unidade de suporte b\u00e1sico gera gasto de R$ 1.100,00, e de uma unidade avan\u00e7ada (UTI m\u00f3vel), de R$ 2.300,00.<\/p>\n<p>O Samu Macro Norte recebe uma m\u00e9dia mensal de 45 mil chamados e, al\u00e9m dos trotes, muitos acionamentos s\u00e3o para situa\u00e7\u00f5es que n\u00e3o se configuram urg\u00eancia ou emerg\u00eancia. As estat\u00edsticas mostram que cerca de 10% dos chamados s\u00e3o resolvidos apenas com orienta\u00e7\u00e3o do m\u00e9dico regulador e 18% dos pacientes atendidos s\u00e3o liberados no local, sem necessidade de serem encaminhados ao hospital.<\/p>\n<p>O m\u00e9dico coordenador, \u00canius Freire Versiani, explica que o Samu deve realizar a orienta\u00e7\u00e3o m\u00e9dica, e \u00e9 importante que a popula\u00e7\u00e3o receba essa assist\u00eancia. \u201cMas ainda temos muitos casos que realmente n\u00e3o necessitariam de deslocamento de uma unidade de emerg\u00eancia e outras situa\u00e7\u00f5es em que a pessoa deveria acionar o 192 e n\u00e3o liga, indo direto para o hospital. Ent\u00e3o, nossa proposta \u00e9 esclarecer em que situa\u00e7\u00f5es o servi\u00e7o deve ser acionado e como \u00e9 a din\u00e2mica do atendimento, para facilitar o entendimento e acesso das pessoas ao servi\u00e7o\u201d, esclarece o m\u00e9dico.<\/p>\n<p>Atrav\u00e9s do projeto, o Samu j\u00e1 realizou seis encontros, nas microrregi\u00f5es de Jana\u00faba\/Monte Azul, S\u00e3o Francisco\/Bras\u00edlia de Minas, Janu\u00e1ria, Manga, Francisco S\u00e1 e Cora\u00e7\u00e3o de Jesus, reunindo a comunidade, profissionais de sa\u00fade, prefeitos e demais autoridades municipais.<\/p>\n<h4>Microrregi\u00e3o Salinas\/Taiobeiras<\/h4>\n<p>Taiobeiras sedia o encontro da microrregi\u00e3o, que ser\u00e1 realizado nesta quarta-feira, 04\/11, \u00e0s 15 horas, na Escola Municipal Jo\u00e3o da Cruz Santos (Avenida Nossa Senhora de F\u00e1tima, 530 &#8211; Bairro Nossa Senhora de F\u00e1tima).<\/p>\n<p>Durante o encontro, ser\u00e3o apresentados os dados estat\u00edsticos dos atendimentos do Samu na microrregi\u00e3o; orienta\u00e7\u00f5es sobre a ado\u00e7\u00e3o de comportamento seguro para evitar acidentes ou situa\u00e7\u00f5es que coloquem a vida em risco; as situa\u00e7\u00f5es em que o Samu deve ser acionado pelo n\u00famero 192; e apresenta\u00e7\u00e3o dos avan\u00e7os alcan\u00e7ados pelo servi\u00e7o nos \u00faltimos cinco anos. No evento, os munic\u00edpios que comp\u00f5em a microrregi\u00e3o tamb\u00e9m receber\u00e3o o t\u00edtulo de Munic\u00edpio Parceiro pela Vida, como ente consorciado, respons\u00e1vel pela gest\u00e3o do Samu na regi\u00e3o.<\/p>\n<p>Com 16 munic\u00edpios e popula\u00e7\u00e3o de 203.294 habitantes, a microrregi\u00e3o Salinas\/Taiobeiras possui sete unidades do Samu, sendo uma avan\u00e7ada, que realizam uma m\u00e9dia de 493 atendimentos por m\u00eas, sendo 78% na \u00e1rea urbana.<\/p>\n<p>Devido \u00e0 BR-251 que corta a regi\u00e3o, \u00e9 registrado um grande n\u00famero de atendimentos a v\u00edtimas de acidentes, respondendo por cerca de 35% de todos os atendimentos realizados pelo Samu na regi\u00e3o, sendo 49% na faixa et\u00e1ria entre 20 e 49 anos. <\/p>\n<p><img decoding=\"async\" src=\"http:\/\/aconteceunovale.com.br\/portal\/wp-content\/uploads\/2014\/12\/parceria_samu_taiobeiras.jpg\" alt=\"\" \/><\/p>\n","protected":false},"excerpt":{"rendered":"<p>Com o tema Parceria pela Vida, o ciclo de reuni\u00f5es est\u00e1 mobilizando a popula\u00e7\u00e3o norte mineira a melhor utilizar os servi\u00e7os prestados pelo Samu Desde o in\u00edcio de novembro, o Servi\u00e7o de Atendimento M\u00f3vel de Urg\u00eancia do Norte de Minas (Samu Macro Norte) est\u00e1 realizando uma s\u00e9rie de reuni\u00f5es p\u00fablicas, com o tema \u201cParceria pela [&hellip;]<\/p>\n","protected":false},"author":1,"featured_media":47107,"comment_status":"open","ping_status":"closed","sticky":false,"template":"","format":"standard","meta":{"amp_status":"","footnotes":""},"categories":[1236],"tags":[645,195,22050,22051,1801,25414,1395,204,205,1356,1277,210,25413,21819,254,14636,190,4040,25412,1522,20717,419],"class_list":["post-47105","post","type-post","status-publish","format-standard","has-post-thumbnail","hentry","category-norte_de_minas","tag-bocaiuva","tag-brasilia-de-minas","tag-cisrun","tag-consorcio-intermunicipal-de-saude-da-rede-de-urgencia-do-norte-de-minas","tag-coracao-de-jesus","tag-enius-freire-versiani","tag-francisco-sa","tag-janauba","tag-januaria","tag-manga","tag-monte-azul","tag-montes-claros","tag-o-samu-mais-perto-de-voce","tag-parceria-pela-vida","tag-pirapora","tag-ricardo-afonso-veloso","tag-salinas","tag-samu-macro-norte","tag-samu-realiza-reuniao-publica-em-taiobeiras","tag-sao-francisco","tag-servico-de-atendimento-movel-de-urgencia-do-norte-de-minas","tag-taiobeiras"],"_links":{"self":[{"href":"https:\/\/aconteceunovale.com.br\/portal\/index.php?rest_route=\/wp\/v2\/posts\/47105","targetHints":{"allow":["GET"]}}],"collection":[{"href":"https:\/\/aconteceunovale.com.br\/portal\/index.php?rest_route=\/wp\/v2\/posts"}],"about":[{"href":"https:\/\/aconteceunovale.com.br\/portal\/index.php?rest_route=\/wp\/v2\/types\/post"}],"author":[{"embeddable":true,"href":"https:\/\/aconteceunovale.com.br\/portal\/index.php?rest_route=\/wp\/v2\/users\/1"}],"replies":[{"embeddable":true,"href":"https:\/\/aconteceunovale.com.br\/portal\/index.php?rest_route=%2Fwp%2Fv2%2Fcomments&post=47105"}],"version-history":[{"count":0,"href":"https:\/\/aconteceunovale.com.br\/portal\/index.php?rest_route=\/wp\/v2\/posts\/47105\/revisions"}],"wp:featuredmedia":[{"embeddable":true,"href":"https:\/\/aconteceunovale.com.br\/portal\/index.php?rest_route=\/wp\/v2\/media\/47107"}],"wp:attachment":[{"href":"https:\/\/aconteceunovale.com.br\/portal\/index.php?rest_route=%2Fwp%2Fv2%2Fmedia&parent=47105"}],"wp:term":[{"taxonomy":"category","embeddable":true,"href":"https:\/\/aconteceunovale.com.br\/portal\/index.php?rest_route=%2Fwp%2Fv2%2Fcategories&post=47105"},{"taxonomy":"post_tag","embeddable":true,"href":"https:\/\/aconteceunovale.com.br\/portal\/index.php?rest_route=%2Fwp%2Fv2%2Ftags&post=47105"}],"curies":[{"name":"wp","href":"https:\/\/api.w.org\/{rel}","templated":true}]}}