{"id":47103,"date":"2014-12-03T09:07:22","date_gmt":"2014-12-03T12:07:22","guid":{"rendered":"http:\/\/aconteceunovale.com.br\/portal\/?p=47103"},"modified":"2014-12-03T09:07:22","modified_gmt":"2014-12-03T12:07:22","slug":"plantao-do-samu-no-norte-de-minas-gerais-02-de-dezembro-de-2014","status":"publish","type":"post","link":"https:\/\/aconteceunovale.com.br\/portal\/?p=47103","title":{"rendered":"Plant\u00e3o do Samu no Norte de Minas Gerais &#8211; 02 de dezembro de 2014"},"content":{"rendered":"<h4><em><strong>Ter\u00e7a-feira, 02 de dezembro de 2014<\/strong><\/em><\/h4>\n<p>A unidade do SAMU de Montes Claros realizou nesta ter\u00e7a-feira, 02\/12, 48 atendimentos, sendo 37 casos cl\u00ednicos; 10 em decorr\u00eancia de acidentes de tr\u00e2nsito, e uma v\u00edtima de afogamento, com \u00f3bito local.<\/p>\n<p>Um menino de 10 anos sofreu afogamento por volta das 16h, pr\u00f3ximo ao condom\u00ednio Residencial Sul, com tempo de imers\u00e3o superior a 12 minutos, indo a \u00f3bito no local.<\/p>\n<p>Entre os acidentes, tr\u00eas ocorreram na madrugada de ter\u00e7a para quarta-feira, sendo um idoso de 70 anos, atropelado por carro em Francisco S\u00e1, que sofreu les\u00e3o na cabe\u00e7a e rebaixamento cr\u00edtico de consci\u00eancia; uma queda de bicicleta no bairro S\u00e3o Judas, onde um homem de 33 anos ficou ferido, e uma colis\u00e3o entre moto e bicicleta ocorrida no bairro Cidade Industrial, com ferimento do ciclista de 19 anos. <\/p>\n<p>Tamb\u00e9m foi realizado atendimento a um rapaz de 25 anos e \u00e0 m\u00e3e de 52, que sofreram um acidente de moto, por volta das 14 horas, na estrada de S\u00e3o Domingos, pr\u00f3ximo \u00e0 comunidade de Riacho dos Campos, sentido Mirabela. Eles colidiram contra uma caminhonete e n\u00e3o utilizavam capacete.<\/p>\n<p>No km 27 da estrada sentido Juramento, por volta das 16h40, ocorreu uma colis\u00e3o entre carro e moto e um homem de 57 anos ficou ferido. No mesmo hor\u00e1rio, na MG-135, pr\u00f3ximo \u00e0 Nova Esperan\u00e7a, um homem de 33 anos ficou ferido ap\u00f3s colidir de moto contra um carro.<\/p>\n<p>E na serra de Bocaiuva, por volta de 16h, um homem de 37 anos capotou o ve\u00edculo, que explodiu ap\u00f3s o capotamento. Ele teve cerca de 50% do corpo queimado.<\/p>\n<p>Um homem de 57 anos colidiu de moto contra um carro na Rua Lagoa do Tucuru\u00ed, bairro Interlagos, por volta das 12h20, e sofreu ferimentos na m\u00e3o e ombro direitos. Outro homem, de 40 anos, que estava na garupa da moto, ficou ferido no punho esquerdo, bra\u00e7o direito e no t\u00f3rax.<\/p>\n<p>Em todas as ocorr\u00eancias os feridos receberam os primeiros atendimentos no local e foram encaminhados ao hospital para avalia\u00e7\u00e3o.<\/p>\n","protected":false},"excerpt":{"rendered":"<p>Ter\u00e7a-feira, 02 de dezembro de 2014 A unidade do SAMU de Montes Claros realizou nesta ter\u00e7a-feira, 02\/12, 48 atendimentos, sendo 37 casos cl\u00ednicos; 10 em decorr\u00eancia de acidentes de tr\u00e2nsito, e uma v\u00edtima de afogamento, com \u00f3bito local. Um menino de 10 anos sofreu afogamento por volta das 16h, pr\u00f3ximo ao condom\u00ednio Residencial Sul, com [&hellip;]<\/p>\n","protected":false},"author":1,"featured_media":46383,"comment_status":"open","ping_status":"closed","sticky":false,"template":"","format":"standard","meta":{"amp_status":"","footnotes":""},"categories":[1236],"tags":[25410,25409,25407,25411,25408,25405,1395,25406,24659,24089,18898,18108,25404,13731,18629,21139,4040],"class_list":["post-47103","post","type-post","status-publish","format-standard","has-post-thumbnail","hentry","category-norte_de_minas","tag-acidente-na-rua-lagoa-do-tucurui-em-montes-claros","tag-acidente-na-serra-de-bocaiuva","tag-acidente-no-bairro-cidade-industrial-em-montes-claros","tag-acidente-no-bairro-interlagos-em-montes-claros","tag-acidente-perto-de-riacho-dos-campos-em-montes-claros","tag-afogamento-em-montes-claros","tag-francisco-sa","tag-idoso-atropelado-por-carro-em-francisco-sa","tag-plantao-do-samu-de-montes-claros","tag-plantao-do-samu-do-norte-de-minas","tag-plantao-do-samu-macro-norte","tag-plantao-do-samu-no-norte-de-minas-gerais","tag-plantao-do-samu-no-norte-de-minas-gerais-02-de-dezembro-de-2014","tag-samu","tag-samu-de-montes-claros","tag-samu-do-norte-de-minas","tag-samu-macro-norte"],"_links":{"self":[{"href":"https:\/\/aconteceunovale.com.br\/portal\/index.php?rest_route=\/wp\/v2\/posts\/47103","targetHints":{"allow":["GET"]}}],"collection":[{"href":"https:\/\/aconteceunovale.com.br\/portal\/index.php?rest_route=\/wp\/v2\/posts"}],"about":[{"href":"https:\/\/aconteceunovale.com.br\/portal\/index.php?rest_route=\/wp\/v2\/types\/post"}],"author":[{"embeddable":true,"href":"https:\/\/aconteceunovale.com.br\/portal\/index.php?rest_route=\/wp\/v2\/users\/1"}],"replies":[{"embeddable":true,"href":"https:\/\/aconteceunovale.com.br\/portal\/index.php?rest_route=%2Fwp%2Fv2%2Fcomments&post=47103"}],"version-history":[{"count":0,"href":"https:\/\/aconteceunovale.com.br\/portal\/index.php?rest_route=\/wp\/v2\/posts\/47103\/revisions"}],"wp:featuredmedia":[{"embeddable":true,"href":"https:\/\/aconteceunovale.com.br\/portal\/index.php?rest_route=\/wp\/v2\/media\/46383"}],"wp:attachment":[{"href":"https:\/\/aconteceunovale.com.br\/portal\/index.php?rest_route=%2Fwp%2Fv2%2Fmedia&parent=47103"}],"wp:term":[{"taxonomy":"category","embeddable":true,"href":"https:\/\/aconteceunovale.com.br\/portal\/index.php?rest_route=%2Fwp%2Fv2%2Fcategories&post=47103"},{"taxonomy":"post_tag","embeddable":true,"href":"https:\/\/aconteceunovale.com.br\/portal\/index.php?rest_route=%2Fwp%2Fv2%2Ftags&post=47103"}],"curies":[{"name":"wp","href":"https:\/\/api.w.org\/{rel}","templated":true}]}}