{"id":47095,"date":"2014-12-02T23:10:52","date_gmt":"2014-12-03T02:10:52","guid":{"rendered":"http:\/\/aconteceunovale.com.br\/portal\/?p=47095"},"modified":"2014-12-02T23:16:36","modified_gmt":"2014-12-03T02:16:36","slug":"empresario-de-governador-valadares-morre-em-acidente-na-br-381","status":"publish","type":"post","link":"https:\/\/aconteceunovale.com.br\/portal\/?p=47095","title":{"rendered":"Empres\u00e1rio de Governador Valadares morre em acidente na BR-381"},"content":{"rendered":"<h4><strong><em>O acidente aconteceu pr\u00f3ximo a cidade de Nova Era. Gilmar Eller morreu no local<\/em><\/strong><\/h4>\n<p>O empres\u00e1rio valadarense Gilmar Eller, 50, do ramo de autope\u00e7as, tornou-se mais uma v\u00edtima da BR-381, a \u201cRodovia da Morte\u201d. O carro em que ele viajava se chocou na manh\u00e3 desta ter\u00e7a-feira (02) contra um caminh\u00e3o, na altura do km 317, pr\u00f3ximo ao trecho conhecido como Siribi Lanches, em uma curva acentuada, j\u00e1 conhecida pelos acidentes que nela ocorrem, pr\u00f3ximo da cidade de Nova Era. Outras duas pessoas ficaram feridas. Chovia na hora do acidente.<\/p>\n<p><img decoding=\"async\" src=\"http:\/\/aconteceunovale.com.br\/portal\/wp-content\/uploads\/2014\/12\/acidente_vitima_gv_2_12_1.jpg\" alt=\"\" \/><em>Caminhonete bateu em um caminh\u00e3o e foi atingida por um outro ve\u00edculo &#8211; Foto: Canal da Not\u00edcia\/Itabira<\/em><br \/>\n<\/br><\/p>\n<p>Segundo informa\u00e7\u00f5es da Pol\u00edcia Rodovi\u00e1ria Federal (PRF), o acidente aconteceu por volta das 7h30. Eller seguia com destino a Belo Horizonte numa caminhonete L200, de placa OPB-8547, de Governador Valadares, quando teria perdido o controle da dire\u00e7\u00e3o por causa da pista molhada, j\u00e1 que chovia no momento. A caminhonete atingiu a lateral do caminh\u00e3o Mercedes-Benz de placa GLB-1372, de Contagem, que estava carregado de ferragens. Ap\u00f3s a colis\u00e3o, o carro rodou na pista e foi atingido por outro ve\u00edculo que seguia no mesmo sentido que a caminhonete.<\/p>\n<p>Al\u00e9m de Eller, que morreu no local do acidente, estava no ve\u00edculo seu genro, que sofreu ferimentos em um dos bra\u00e7os. Este e uma mulher que estava no outro carro e tamb\u00e9m se feriu foram socorridos por equipes do Servi\u00e7o Volunt\u00e1rio de Resgate (Sevor) de Jo\u00e3o Monlevade e do Grupo de Atendimento Volunt\u00e1rio de Emerg\u00eancia (Gave), de Nova Era. Ambos foram levados para o Hospital Margarida, onde ficaram sob observa\u00e7\u00e3o m\u00e9dica.<\/p>\n<p>Por causa do acidente, o tr\u00e2nsito ficou complicado nesse trecho da rodovia, e somente voltou a fluir normalmente por volta das 10h, ap\u00f3s a retirada dos ve\u00edculos acidentados do local.<\/p>\n<p>O corpo do empres\u00e1rio Gilmar Eller est\u00e1 sendo velado na Igreja Presbiteriana Aprisco das Ovelhas e ser\u00e1 sepultado no Cemit\u00e9rio de Santa Rita.<\/p>\n<p><img decoding=\"async\" src=\"http:\/\/aconteceunovale.com.br\/portal\/wp-content\/uploads\/2014\/12\/acidente_vitima_gv_2_12_2.jpg\" alt=\"\" \/><em>Caminhonete bateu em um caminh\u00e3o e foi atingida por um outro ve\u00edculo &#8211; Foto: Canal da Not\u00edcia\/Itabira<\/em><br \/>\n<\/br><\/p>\n<p><img decoding=\"async\" src=\"http:\/\/aconteceunovale.com.br\/portal\/wp-content\/uploads\/2014\/12\/IMG-20141202-WA0010.jpg\" alt=\"\" \/><em>Caminhonete bateu em um caminh\u00e3o e foi atingida por um outro ve\u00edculo &#8211; Foto: Canal da Not\u00edcia\/Itabira<\/em><br \/>\n<\/br><\/p>\n<p><strong><em>(Fonte: Di\u00e1rio do Rio Doce)<\/em><\/strong><\/p>\n","protected":false},"excerpt":{"rendered":"<p>O acidente aconteceu pr\u00f3ximo a cidade de Nova Era. Gilmar Eller morreu no local O empres\u00e1rio valadarense Gilmar Eller, 50, do ramo de autope\u00e7as, tornou-se mais uma v\u00edtima da BR-381, a \u201cRodovia da Morte\u201d. O carro em que ele viajava se chocou na manh\u00e3 desta ter\u00e7a-feira (02) contra um caminh\u00e3o, na altura do km 317, [&hellip;]<\/p>\n","protected":false},"author":1,"featured_media":47096,"comment_status":"open","ping_status":"closed","sticky":false,"template":"","format":"standard","meta":{"amp_status":"","footnotes":""},"categories":[121],"tags":[25401,956,25403,25399,25400,247,1103,25402],"class_list":["post-47095","post","type-post","status-publish","format-standard","has-post-thumbnail","hentry","category-leste","tag-acidente-com-empresario-valadarense","tag-contagem","tag-empresario-de-governador-valadares-morre-em-acidente-na-br-381","tag-empresario-valadarense-gilmar-eller","tag-gilmar-eller","tag-governador-valadares","tag-nova-era","tag-siribi-lanches"],"_links":{"self":[{"href":"https:\/\/aconteceunovale.com.br\/portal\/index.php?rest_route=\/wp\/v2\/posts\/47095","targetHints":{"allow":["GET"]}}],"collection":[{"href":"https:\/\/aconteceunovale.com.br\/portal\/index.php?rest_route=\/wp\/v2\/posts"}],"about":[{"href":"https:\/\/aconteceunovale.com.br\/portal\/index.php?rest_route=\/wp\/v2\/types\/post"}],"author":[{"embeddable":true,"href":"https:\/\/aconteceunovale.com.br\/portal\/index.php?rest_route=\/wp\/v2\/users\/1"}],"replies":[{"embeddable":true,"href":"https:\/\/aconteceunovale.com.br\/portal\/index.php?rest_route=%2Fwp%2Fv2%2Fcomments&post=47095"}],"version-history":[{"count":0,"href":"https:\/\/aconteceunovale.com.br\/portal\/index.php?rest_route=\/wp\/v2\/posts\/47095\/revisions"}],"wp:featuredmedia":[{"embeddable":true,"href":"https:\/\/aconteceunovale.com.br\/portal\/index.php?rest_route=\/wp\/v2\/media\/47096"}],"wp:attachment":[{"href":"https:\/\/aconteceunovale.com.br\/portal\/index.php?rest_route=%2Fwp%2Fv2%2Fmedia&parent=47095"}],"wp:term":[{"taxonomy":"category","embeddable":true,"href":"https:\/\/aconteceunovale.com.br\/portal\/index.php?rest_route=%2Fwp%2Fv2%2Fcategories&post=47095"},{"taxonomy":"post_tag","embeddable":true,"href":"https:\/\/aconteceunovale.com.br\/portal\/index.php?rest_route=%2Fwp%2Fv2%2Ftags&post=47095"}],"curies":[{"name":"wp","href":"https:\/\/api.w.org\/{rel}","templated":true}]}}