{"id":47087,"date":"2014-12-02T22:45:09","date_gmt":"2014-12-03T01:45:09","guid":{"rendered":"http:\/\/aconteceunovale.com.br\/portal\/?p=47087"},"modified":"2014-12-02T22:46:22","modified_gmt":"2014-12-03T01:46:22","slug":"homem-de-60-anos-morre-em-acidente-proximo-a-padre-paraiso","status":"publish","type":"post","link":"https:\/\/aconteceunovale.com.br\/portal\/?p=47087","title":{"rendered":"Homem de 60 anos morre em acidente pr\u00f3ximo a Padre Para\u00edso"},"content":{"rendered":"<p>[image src=&#8221;http:\/\/aconteceunovale.com.br\/portal\/wp-content\/uploads\/2014\/12\/vitima_pp_2_12_1.jpg&#8221; width=&#8221;250&#8243; height=&#8221;314&#8243; lightbox=&#8221;yes&#8221; align=&#8221;left&#8221; float=&#8221;left&#8221;]Um acidente envolvendo dois carros deixou um homem morto nesta ter\u00e7a-feira, 2 de novembro, na altura do quil\u00f4metro 177 da BR-116, no munic\u00edpio de Padre Para\u00edso, no Vale do Jequitinhonha.<\/p>\n<p>De acordo com Francisco Couy, do Instituto M\u00e9dico Legal de Te\u00f3filo Otoni, a v\u00edtima Deraldo Fernandes de Abreu (foto), de 60 anos, conduzia o utilit\u00e1rio Chevrolet Chevy sentido Padre Para\u00edso\/Itaobim, quando ao adentrar em uma via secund\u00e1ria a esquerda, n\u00e3o teria observado o fluxo de ve\u00edculos e foi violentamente atingido por um Voyage, que transitava no sentido Itaobim\/Padre Para\u00edso.<\/p>\n<p>Com o impacto da batida, o condutor, que segundo o informe do IML era inabilitado, ficou gravemente ferido. Ele chegou a ser socorrido por uma unidade de resgate do Servi\u00e7o de Atendimento M\u00f3vel de Urg\u00eancia (SAMU), mas j\u00e1 chegou sem vida no Hospital Nossa Senhora M\u00e3e da Igreja.<\/p>\n<p>O corpo foi encaminhado para o Instituto M\u00e9dico Legal de Te\u00f3filo Otoni, onde foi constatada a causa da morte como sendo um politraumatismo. Ap\u00f3s os procedimentos de praxe, o corpo foi encaminhado para a fam\u00edlia.<\/p>\n<p><img decoding=\"async\" src=\"http:\/\/aconteceunovale.com.br\/portal\/wp-content\/uploads\/2014\/12\/vitima_pp_2_12_5.jpg\" alt=\"\" \/><em>Ve\u00edculo que era conduzido pela v\u00edtima &#8211; Foto: Cristiano Dias\/Inter TV<\/em><br \/>\n<\/br><\/p>\n<p><img decoding=\"async\" src=\"http:\/\/aconteceunovale.com.br\/portal\/wp-content\/uploads\/2014\/12\/vitima_pp_2_12_3.jpg\" alt=\"\" \/><em>Ve\u00edculos colidiram violentamente pr\u00f3ximo a Padre Para\u00edso  &#8211; Foto: Cristiano Dias\/Inter TV<\/em><br \/>\n<\/br><\/p>\n<p><strong><em>(Foto da v\u00edtima: cedida pelo Instituto M\u00e9dico Legal de Te\u00f3filo Otoni)<\/em><\/strong><\/p>\n","protected":false},"excerpt":{"rendered":"<p>[image src=&#8221;http:\/\/aconteceunovale.com.br\/portal\/wp-content\/uploads\/2014\/12\/vitima_pp_2_12_1.jpg&#8221; width=&#8221;250&#8243; height=&#8221;314&#8243; lightbox=&#8221;yes&#8221; align=&#8221;left&#8221; float=&#8221;left&#8221;]Um acidente envolvendo dois carros deixou um homem morto nesta ter\u00e7a-feira, 2 de novembro, na altura do quil\u00f4metro 177 da BR-116, no munic\u00edpio de Padre Para\u00edso, no Vale do Jequitinhonha. De acordo com Francisco Couy, do Instituto M\u00e9dico Legal de Te\u00f3filo Otoni, a v\u00edtima Deraldo Fernandes de Abreu (foto), [&hellip;]<\/p>\n","protected":false},"author":1,"featured_media":47092,"comment_status":"open","ping_status":"closed","sticky":false,"template":"","format":"standard","meta":{"amp_status":"","footnotes":""},"categories":[120],"tags":[13718,8702,25398,25397,25396,391,572,164],"class_list":["post-47087","post","type-post","status-publish","format-standard","has-post-thumbnail","hentry","category-jequi","tag-acidente-em-padre-paraiso","tag-acidente-perto-de-padre-paraiso","tag-acidente-proximo-a-padre-paraiso","tag-deraldo-fernandes-de-abreu","tag-homem-de-60-anos-morre-em-acidente-proximo-a-padre-paraiso","tag-itaobim","tag-padre-paraiso","tag-teofilo-otoni"],"_links":{"self":[{"href":"https:\/\/aconteceunovale.com.br\/portal\/index.php?rest_route=\/wp\/v2\/posts\/47087","targetHints":{"allow":["GET"]}}],"collection":[{"href":"https:\/\/aconteceunovale.com.br\/portal\/index.php?rest_route=\/wp\/v2\/posts"}],"about":[{"href":"https:\/\/aconteceunovale.com.br\/portal\/index.php?rest_route=\/wp\/v2\/types\/post"}],"author":[{"embeddable":true,"href":"https:\/\/aconteceunovale.com.br\/portal\/index.php?rest_route=\/wp\/v2\/users\/1"}],"replies":[{"embeddable":true,"href":"https:\/\/aconteceunovale.com.br\/portal\/index.php?rest_route=%2Fwp%2Fv2%2Fcomments&post=47087"}],"version-history":[{"count":0,"href":"https:\/\/aconteceunovale.com.br\/portal\/index.php?rest_route=\/wp\/v2\/posts\/47087\/revisions"}],"wp:featuredmedia":[{"embeddable":true,"href":"https:\/\/aconteceunovale.com.br\/portal\/index.php?rest_route=\/wp\/v2\/media\/47092"}],"wp:attachment":[{"href":"https:\/\/aconteceunovale.com.br\/portal\/index.php?rest_route=%2Fwp%2Fv2%2Fmedia&parent=47087"}],"wp:term":[{"taxonomy":"category","embeddable":true,"href":"https:\/\/aconteceunovale.com.br\/portal\/index.php?rest_route=%2Fwp%2Fv2%2Fcategories&post=47087"},{"taxonomy":"post_tag","embeddable":true,"href":"https:\/\/aconteceunovale.com.br\/portal\/index.php?rest_route=%2Fwp%2Fv2%2Ftags&post=47087"}],"curies":[{"name":"wp","href":"https:\/\/api.w.org\/{rel}","templated":true}]}}