{"id":47079,"date":"2014-12-02T21:24:54","date_gmt":"2014-12-03T00:24:54","guid":{"rendered":"http:\/\/aconteceunovale.com.br\/portal\/?p=47079"},"modified":"2014-12-02T21:24:54","modified_gmt":"2014-12-03T00:24:54","slug":"cesta-basica-esta-mais-cara-em-montes-claros","status":"publish","type":"post","link":"https:\/\/aconteceunovale.com.br\/portal\/?p=47079","title":{"rendered":"Cesta b\u00e1sica est\u00e1 mais cara em Montes Claros"},"content":{"rendered":"<h4><strong><em>Batata inglesa lidera o ranking, segundo dados do IPC. J\u00e1 a carne bovina se mant\u00e9m sem altera\u00e7\u00e3o de pre\u00e7o.<\/em><\/strong><\/h4>\n<p>A cesta b\u00e1sica dos montes-clarenses est\u00e1 mais cara. De acordo com o levantamento feito pelo Departamento de Economia da Universidade Estadual de Montes Claros (Unimontes), o aumento fez com que o trabalhador, que possui uma renda de um a seis sal\u00e1rios m\u00ednimos, pague cerca de R$ 7,00 a mais para comprar a cesta.<\/p>\n<p>No m\u00eas de outubro os consumidores precisaram desembolsar R$ 238,83 para comprar os alimentos que comp\u00f5em a cesta b\u00e1sica; j\u00e1 no m\u00eas de novembro a popula\u00e7\u00e3o teve que pagar R$ 246,67 para adquiri-l\u00e1.<\/p>\n<p><img decoding=\"async\" src=\"http:\/\/aconteceunovale.com.br\/portal\/wp-content\/uploads\/2014\/12\/batata_inglesa.jpg\" alt=\"\" \/><em>A batata foi o item da cesta b\u00e1sica que ficou mais caro (Foto: Reprodu\u00e7\u00e3o)<\/em><br \/>\n<\/br><\/p>\n<p>Entre os 13 produtos que fazem parte desta composi\u00e7\u00e3o, a batata inglesa registrou o maior aumento, 52,41%, acompanhada pelo tomate com 6,41%, e pela dupla arroz e feij\u00e3o, que apresentaram \u00edndices de 2,44%. A margarina foi o \u00fanico produto que apresentou queda de pre\u00e7o.<\/p>\n<p>A boa not\u00edcia \u00e9 que a carne bovina, o Leite tipo C, o \u00f3leo de soja, o caf\u00e9 e o p\u00e3o de sal, n\u00e3o sofreram aumento.<\/p>\n<p>De acordo com a economista da Unimontes V\u00e2nia Vilas B\u00f4as, o aumento de alguns itens da cesta b\u00e1sica obriga o consumidor a fazer economias. \u201cEsse percentual faz com que o consumidor tenha perda aquisitiva. Assim, ele deve utilizar uma poss\u00edvel renda adicional ou fazer a substitui\u00e7\u00e3o dos alimentos que tiveram aumento, pelos que se manteram est\u00e1veis ou apresentaram queda\u201d, orienta.<\/p>\n<p>O microempres\u00e1rio Manoel de Jesus Rocha conta que o impacto do reajuste para os comerciantes j\u00e1 pode ser sentido. \u201cJ\u00e1 \u00e9 poss\u00edvel sentir a diferen\u00e7a nas vendas. Alguns alimentos subiram de pre\u00e7o, e para n\u00e3o deixar de levar o alimento, o consumidor pode fazer a substitui\u00e7\u00e3o dos produtos de primeira, para os que estiverem mais baratos, como deixar de levar a ab\u00f3bora japonesa, para comprar a moranga\u201d, afirma.<\/p>\n<p>Muitas frutas tamb\u00e9m tiveram queda nos pre\u00e7os. \u00c9 o caso da banana prata, que est\u00e1 10,27% mais barata e do mel\u00e3o, que atingiu uma queda de 4,63%.<\/p>\n<p><strong><em>(Inter TV Grande Minas)<\/em><\/strong><\/p>\n","protected":false},"excerpt":{"rendered":"<p>Batata inglesa lidera o ranking, segundo dados do IPC. J\u00e1 a carne bovina se mant\u00e9m sem altera\u00e7\u00e3o de pre\u00e7o. A cesta b\u00e1sica dos montes-clarenses est\u00e1 mais cara. De acordo com o levantamento feito pelo Departamento de Economia da Universidade Estadual de Montes Claros (Unimontes), o aumento fez com que o trabalhador, que possui uma renda [&hellip;]<\/p>\n","protected":false},"author":1,"featured_media":47080,"comment_status":"open","ping_status":"closed","sticky":false,"template":"","format":"standard","meta":{"amp_status":"","footnotes":""},"categories":[1236],"tags":[25390,25391,25392,210,763,18174,25393],"class_list":["post-47079","post","type-post","status-publish","format-standard","has-post-thumbnail","hentry","category-norte_de_minas","tag-cesta-basica-esta-mais-cara-em-montes-claros","tag-departamento-de-economia-da-universidade-estadual-de-montes-claros","tag-manoel-de-jesus-rocha","tag-montes-claros","tag-unimontes","tag-universidade-estadual-de-montes-claros","tag-vania-vilas-boas"],"_links":{"self":[{"href":"https:\/\/aconteceunovale.com.br\/portal\/index.php?rest_route=\/wp\/v2\/posts\/47079","targetHints":{"allow":["GET"]}}],"collection":[{"href":"https:\/\/aconteceunovale.com.br\/portal\/index.php?rest_route=\/wp\/v2\/posts"}],"about":[{"href":"https:\/\/aconteceunovale.com.br\/portal\/index.php?rest_route=\/wp\/v2\/types\/post"}],"author":[{"embeddable":true,"href":"https:\/\/aconteceunovale.com.br\/portal\/index.php?rest_route=\/wp\/v2\/users\/1"}],"replies":[{"embeddable":true,"href":"https:\/\/aconteceunovale.com.br\/portal\/index.php?rest_route=%2Fwp%2Fv2%2Fcomments&post=47079"}],"version-history":[{"count":0,"href":"https:\/\/aconteceunovale.com.br\/portal\/index.php?rest_route=\/wp\/v2\/posts\/47079\/revisions"}],"wp:featuredmedia":[{"embeddable":true,"href":"https:\/\/aconteceunovale.com.br\/portal\/index.php?rest_route=\/wp\/v2\/media\/47080"}],"wp:attachment":[{"href":"https:\/\/aconteceunovale.com.br\/portal\/index.php?rest_route=%2Fwp%2Fv2%2Fmedia&parent=47079"}],"wp:term":[{"taxonomy":"category","embeddable":true,"href":"https:\/\/aconteceunovale.com.br\/portal\/index.php?rest_route=%2Fwp%2Fv2%2Fcategories&post=47079"},{"taxonomy":"post_tag","embeddable":true,"href":"https:\/\/aconteceunovale.com.br\/portal\/index.php?rest_route=%2Fwp%2Fv2%2Ftags&post=47079"}],"curies":[{"name":"wp","href":"https:\/\/api.w.org\/{rel}","templated":true}]}}