{"id":47076,"date":"2014-12-02T21:11:41","date_gmt":"2014-12-03T00:11:41","guid":{"rendered":"http:\/\/aconteceunovale.com.br\/portal\/?p=47076"},"modified":"2014-12-02T21:11:41","modified_gmt":"2014-12-03T00:11:41","slug":"sistema-de-monitoramento-olho-vivo-ganha-reforco-de-16-novas-cameras-em-montes-claros","status":"publish","type":"post","link":"https:\/\/aconteceunovale.com.br\/portal\/?p=47076","title":{"rendered":"Sistema de monitoramento Olho Vivo ganha refor\u00e7o de 16 novas c\u00e2meras em Montes Claros"},"content":{"rendered":"<h4><strong><em>Projeto foi ampliado para os bairros perif\u00e9ricos da cidade. N\u00famero de equipamentos passou de 36 para 52 c\u00e2meras.<\/em><\/strong><\/h4>\n<p>Foi realizada na manh\u00e3 desta ter\u00e7a-feira, 2, na sede da 11\u00aa RISP (Regi\u00e3o Integrada de Seguran\u00e7a P\u00fablica), a inaugura\u00e7\u00e3o oficial da expans\u00e3o do sistema de monitoramento Olho Vivo em Montes Claros. Ao todo, 16 novas c\u00e2meras, instaladas na rua Santa Maria e nas avenidas Dulce Sarmento, Leonardo Quintino, Afonso Pena e Castelar Prates, refor\u00e7am o sistema em Montes Claros, que passa a possuir 52 c\u00e2meras. Tamb\u00e9m foi inaugurada a nova central de monitoramento do sistema, que passa a funcionar na pr\u00f3pria RISP.<\/p>\n<p>O comandante da Pol\u00edcia Militar do Norte de Minas, coronel C\u00e9sar Ricardo, afirmou que a expans\u00e3o do sistema \u201c\u00e9 uma pretens\u00e3o antiga, n\u00e3o s\u00f3 da PM, mas de toda a comunidade. [A import\u00e2ncia deste] aparato tecnol\u00f3gico se resume em levar \u00e0 comunidade mais qualidade de vida\u201d.<\/p>\n<p>O comandante geral da Pol\u00edcia Militar de Minas Gerais, coronel M\u00e1rcio Martins Sant\u2019ana, afirmou, durante a solenidade, que existe uma redu\u00e7\u00e3o de 35 a 40% nos crimes ao patrim\u00f4nio nos locais onde o sistema funciona. Ele tamb\u00e9m agradeceu a parceria com a Prefeitura para o funcionamento do Olho Vivo em Montes Claros, j\u00e1 que o monitoramento das c\u00e2meras \u00e9 realizado por agentes da Guarda Municipal, com supervis\u00e3o de policiais militares, 24 horas por dia.<\/p>\n<p>O prefeito Ruy Muniz celebrou a amplia\u00e7\u00e3o do sistema: \u201c\u00e9 muita alegria, logo no in\u00edcio de dezembro, receber este presente\u201d. Ele tamb\u00e9m informou que o munic\u00edpio est\u00e1 a um passo de adquirir mais c\u00e2meras, atrav\u00e9s do programa \u201cCrack, \u00e9 poss\u00edvel vencer\u201d, do governo federal.<\/p>\n<p><img decoding=\"async\" src=\"http:\/\/aconteceunovale.com.br\/portal\/wp-content\/uploads\/2014\/12\/olho_vivo_moc.jpg\" alt=\"\" \/><em>N\u00famero de equipamentos passou de 36 para 52 c\u00e2meras &#8211; Foto: F\u00e1bio Mar\u00e7al\/Divulga\u00e7\u00e3o<\/em><br \/>\n<\/br><\/p>\n<p><strong><em>(Prefeitura de Montes Claros)<\/em><\/strong><\/p>\n","protected":false},"excerpt":{"rendered":"<p>Projeto foi ampliado para os bairros perif\u00e9ricos da cidade. N\u00famero de equipamentos passou de 36 para 52 c\u00e2meras. Foi realizada na manh\u00e3 desta ter\u00e7a-feira, 2, na sede da 11\u00aa RISP (Regi\u00e3o Integrada de Seguran\u00e7a P\u00fablica), a inaugura\u00e7\u00e3o oficial da expans\u00e3o do sistema de monitoramento Olho Vivo em Montes Claros. Ao todo, 16 novas c\u00e2meras, instaladas [&hellip;]<\/p>\n","protected":false},"author":1,"featured_media":47077,"comment_status":"open","ping_status":"closed","sticky":false,"template":"","format":"standard","meta":{"amp_status":"","footnotes":""},"categories":[1236],"tags":[210,25389,25388],"class_list":["post-47076","post","type-post","status-publish","format-standard","has-post-thumbnail","hentry","category-norte_de_minas","tag-montes-claros","tag-olho-vivo-montes-claros","tag-sistema-de-monitoramento-olho-vivo-ganha-reforco-de-16-novas-cameras-em-montes-claros"],"_links":{"self":[{"href":"https:\/\/aconteceunovale.com.br\/portal\/index.php?rest_route=\/wp\/v2\/posts\/47076","targetHints":{"allow":["GET"]}}],"collection":[{"href":"https:\/\/aconteceunovale.com.br\/portal\/index.php?rest_route=\/wp\/v2\/posts"}],"about":[{"href":"https:\/\/aconteceunovale.com.br\/portal\/index.php?rest_route=\/wp\/v2\/types\/post"}],"author":[{"embeddable":true,"href":"https:\/\/aconteceunovale.com.br\/portal\/index.php?rest_route=\/wp\/v2\/users\/1"}],"replies":[{"embeddable":true,"href":"https:\/\/aconteceunovale.com.br\/portal\/index.php?rest_route=%2Fwp%2Fv2%2Fcomments&post=47076"}],"version-history":[{"count":0,"href":"https:\/\/aconteceunovale.com.br\/portal\/index.php?rest_route=\/wp\/v2\/posts\/47076\/revisions"}],"wp:featuredmedia":[{"embeddable":true,"href":"https:\/\/aconteceunovale.com.br\/portal\/index.php?rest_route=\/wp\/v2\/media\/47077"}],"wp:attachment":[{"href":"https:\/\/aconteceunovale.com.br\/portal\/index.php?rest_route=%2Fwp%2Fv2%2Fmedia&parent=47076"}],"wp:term":[{"taxonomy":"category","embeddable":true,"href":"https:\/\/aconteceunovale.com.br\/portal\/index.php?rest_route=%2Fwp%2Fv2%2Fcategories&post=47076"},{"taxonomy":"post_tag","embeddable":true,"href":"https:\/\/aconteceunovale.com.br\/portal\/index.php?rest_route=%2Fwp%2Fv2%2Ftags&post=47076"}],"curies":[{"name":"wp","href":"https:\/\/api.w.org\/{rel}","templated":true}]}}