{"id":47067,"date":"2014-12-02T20:04:37","date_gmt":"2014-12-02T23:04:37","guid":{"rendered":"http:\/\/aconteceunovale.com.br\/portal\/?p=47067"},"modified":"2014-12-02T20:09:17","modified_gmt":"2014-12-02T23:09:17","slug":"homem-e-preso-no-vale-do-rio-doce-com-450-sacas-de-cafe-roubadas","status":"publish","type":"post","link":"https:\/\/aconteceunovale.com.br\/portal\/?p=47067","title":{"rendered":"Homem \u00e9 preso no Vale do Rio Doce com 450 sacas de caf\u00e9 roubadas"},"content":{"rendered":"<h4><strong><em>Ele j\u00e1 havia vendido cerca de 200 sacas pelo valor de R$ 54 mil. Suspeito assumiu o crime e disse que adquiriu o material no Esp\u00edrito Santo<\/em><\/strong><\/h4>\n<p>Um homem foi preso e 450 sacas de caf\u00e9 foram apreendidas nesta madrugada, durante opera\u00e7\u00e3o feita pela Pol\u00edcia Militar de Minas Gerais e do Esp\u00edrito Santo. O autor tem 41 anos e foi encontrado na cidade de Baixo Gand\u00fa\/ES e levado para Resplendor, em MG,  depois de entregar o produto em v\u00e1rios munic\u00edpios do estado. Entre eles, uma carga no valor de R$ 54 mil para um produtor de Santa Rita do Itueto, Regi\u00e3o do Rio Doce.<\/p>\n<p>A PM recebeu informa\u00e7\u00f5es sobre uma carreta de caf\u00e9 roubada no Rio de Janeiro e que a carga seria entregue em um galp\u00e3o no Distrito de Quatituba, em Itueta, de responsabilidade de um homem que mora no Esp\u00edrito Santo. Viaturas dos dois estado foram ao local, onde encontraram 250 sacas de caf\u00e9.<\/p>\n<p>O homem de 41 anos foi preso e encaminhado para a delegacia. Ele confirmou que adquiriu a carga em Colatina\/ES e que havia vendido cerca de 200 sacas pelo valor de R$ 54 mil. A PM entrou em contato com o cliente do suspeito, que confirmou a compra. A mercadoria localizada foi apreendida e est\u00e1 sobe responsabilidade da Pol\u00edcia Civil de Resplendor.<\/p>\n<p><img decoding=\"async\" src=\"http:\/\/aconteceunovale.com.br\/portal\/wp-content\/uploads\/2014\/12\/carga_cafe.jpg\" alt=\"\" \/>Caf\u00e9 estava em um galp\u00e3o no distrito de Quatituba &#8211; Foto: Divulga\u00e7\u00e3o\/PMMG<br \/>\n<\/br><\/p>\n<p><strong><em>(Estado de Minas)<\/em><\/strong><\/p>\n","protected":false},"excerpt":{"rendered":"<p>Ele j\u00e1 havia vendido cerca de 200 sacas pelo valor de R$ 54 mil. Suspeito assumiu o crime e disse que adquiriu o material no Esp\u00edrito Santo Um homem foi preso e 450 sacas de caf\u00e9 foram apreendidas nesta madrugada, durante opera\u00e7\u00e3o feita pela Pol\u00edcia Militar de Minas Gerais e do Esp\u00edrito Santo. O autor [&hellip;]<\/p>\n","protected":false},"author":1,"featured_media":47068,"comment_status":"open","ping_status":"closed","sticky":false,"template":"","format":"standard","meta":{"amp_status":"","footnotes":""},"categories":[121],"tags":[25374,25376,25375,25373,298,309,314],"class_list":["post-47067","post","type-post","status-publish","format-standard","has-post-thumbnail","hentry","category-leste","tag-baixo-gandu","tag-colatina","tag-distrito-de-quatituba","tag-homem-e-preso-no-vale-do-rio-doce-com-450-sacas-de-cafe-roubadas","tag-itueta","tag-resplendor","tag-santa-rita-do-itueto"],"_links":{"self":[{"href":"https:\/\/aconteceunovale.com.br\/portal\/index.php?rest_route=\/wp\/v2\/posts\/47067","targetHints":{"allow":["GET"]}}],"collection":[{"href":"https:\/\/aconteceunovale.com.br\/portal\/index.php?rest_route=\/wp\/v2\/posts"}],"about":[{"href":"https:\/\/aconteceunovale.com.br\/portal\/index.php?rest_route=\/wp\/v2\/types\/post"}],"author":[{"embeddable":true,"href":"https:\/\/aconteceunovale.com.br\/portal\/index.php?rest_route=\/wp\/v2\/users\/1"}],"replies":[{"embeddable":true,"href":"https:\/\/aconteceunovale.com.br\/portal\/index.php?rest_route=%2Fwp%2Fv2%2Fcomments&post=47067"}],"version-history":[{"count":0,"href":"https:\/\/aconteceunovale.com.br\/portal\/index.php?rest_route=\/wp\/v2\/posts\/47067\/revisions"}],"wp:featuredmedia":[{"embeddable":true,"href":"https:\/\/aconteceunovale.com.br\/portal\/index.php?rest_route=\/wp\/v2\/media\/47068"}],"wp:attachment":[{"href":"https:\/\/aconteceunovale.com.br\/portal\/index.php?rest_route=%2Fwp%2Fv2%2Fmedia&parent=47067"}],"wp:term":[{"taxonomy":"category","embeddable":true,"href":"https:\/\/aconteceunovale.com.br\/portal\/index.php?rest_route=%2Fwp%2Fv2%2Fcategories&post=47067"},{"taxonomy":"post_tag","embeddable":true,"href":"https:\/\/aconteceunovale.com.br\/portal\/index.php?rest_route=%2Fwp%2Fv2%2Ftags&post=47067"}],"curies":[{"name":"wp","href":"https:\/\/api.w.org\/{rel}","templated":true}]}}