{"id":47060,"date":"2014-12-02T19:31:42","date_gmt":"2014-12-02T22:31:42","guid":{"rendered":"http:\/\/aconteceunovale.com.br\/portal\/?p=47060"},"modified":"2014-12-02T19:31:42","modified_gmt":"2014-12-02T22:31:42","slug":"politica-de-servico-de-taxi-em-guanhaes-e-tema-de-audiencia","status":"publish","type":"post","link":"https:\/\/aconteceunovale.com.br\/portal\/?p=47060","title":{"rendered":"Pol\u00edtica de servi\u00e7o de t\u00e1xi em Guanh\u00e3es \u00e9 tema de audi\u00eancia"},"content":{"rendered":"<h4><strong><em>Comiss\u00e3o de Assuntos Municipais tamb\u00e9m aprovou requerimento de audi\u00eancia p\u00fablica sobre feiras de economia solid\u00e1ria.<\/em><\/strong><\/h4>\n<p>A Comiss\u00e3o de Assuntos Municipais e Regionaliza\u00e7\u00e3o da Assembleia Legislativa de Minas Gerais (ALMG) aprovou, nesta ter\u00e7a-feira (2\/12\/14), requerimento para realiza\u00e7\u00e3o de audi\u00eancia p\u00fablica em Guanh\u00e3es (Vale do Rio Doce), com o objetivo de discutir quest\u00f5es relativas \u00e0 pol\u00edtica dos permission\u00e1rios de servi\u00e7o de t\u00e1xi no munic\u00edpio. O requerimento \u00e9 do deputado Gustavo Valadares (PSDB).<\/p>\n<p>Os deputados tamb\u00e9m aprovaram requerimento de audi\u00eancia p\u00fablica, de autoria do deputado Rog\u00e9rio Correia (PT), para debater a situa\u00e7\u00e3o das feiras estaduais e regionais de economia solid\u00e1ria.<\/p>\n<p><img decoding=\"async\" src=\"http:\/\/aconteceunovale.com.br\/portal\/wp-content\/uploads\/2014\/12\/servico_taxi_guanhaes.jpg\" alt=\"\" \/><em>Ser\u00e3o discutidas quest\u00f5es relativas \u00e0 pol\u00edtica dos permission\u00e1rios de servi\u00e7o de t\u00e1xi em Guanh\u00e3es &#8211; Foto: Divulga\u00e7\u00e3o \/ Assembleia Legislativa de Minas Gerais (ALMG)<\/em><\/p>\n","protected":false},"excerpt":{"rendered":"<p>Comiss\u00e3o de Assuntos Municipais tamb\u00e9m aprovou requerimento de audi\u00eancia p\u00fablica sobre feiras de economia solid\u00e1ria. A Comiss\u00e3o de Assuntos Municipais e Regionaliza\u00e7\u00e3o da Assembleia Legislativa de Minas Gerais (ALMG) aprovou, nesta ter\u00e7a-feira (2\/12\/14), requerimento para realiza\u00e7\u00e3o de audi\u00eancia p\u00fablica em Guanh\u00e3es (Vale do Rio Doce), com o objetivo de discutir quest\u00f5es relativas \u00e0 pol\u00edtica dos [&hellip;]<\/p>\n","protected":false},"author":1,"featured_media":47061,"comment_status":"open","ping_status":"closed","sticky":false,"template":"","format":"standard","meta":{"amp_status":"","footnotes":""},"categories":[121],"tags":[155,25366,25367],"class_list":["post-47060","post","type-post","status-publish","format-standard","has-post-thumbnail","hentry","category-leste","tag-guanhaes","tag-politica-de-servico-de-taxi-em-guanhaes-e-tema-de-audiencia","tag-servico-de-taxi-em-guanhaes"],"_links":{"self":[{"href":"https:\/\/aconteceunovale.com.br\/portal\/index.php?rest_route=\/wp\/v2\/posts\/47060","targetHints":{"allow":["GET"]}}],"collection":[{"href":"https:\/\/aconteceunovale.com.br\/portal\/index.php?rest_route=\/wp\/v2\/posts"}],"about":[{"href":"https:\/\/aconteceunovale.com.br\/portal\/index.php?rest_route=\/wp\/v2\/types\/post"}],"author":[{"embeddable":true,"href":"https:\/\/aconteceunovale.com.br\/portal\/index.php?rest_route=\/wp\/v2\/users\/1"}],"replies":[{"embeddable":true,"href":"https:\/\/aconteceunovale.com.br\/portal\/index.php?rest_route=%2Fwp%2Fv2%2Fcomments&post=47060"}],"version-history":[{"count":0,"href":"https:\/\/aconteceunovale.com.br\/portal\/index.php?rest_route=\/wp\/v2\/posts\/47060\/revisions"}],"wp:featuredmedia":[{"embeddable":true,"href":"https:\/\/aconteceunovale.com.br\/portal\/index.php?rest_route=\/wp\/v2\/media\/47061"}],"wp:attachment":[{"href":"https:\/\/aconteceunovale.com.br\/portal\/index.php?rest_route=%2Fwp%2Fv2%2Fmedia&parent=47060"}],"wp:term":[{"taxonomy":"category","embeddable":true,"href":"https:\/\/aconteceunovale.com.br\/portal\/index.php?rest_route=%2Fwp%2Fv2%2Fcategories&post=47060"},{"taxonomy":"post_tag","embeddable":true,"href":"https:\/\/aconteceunovale.com.br\/portal\/index.php?rest_route=%2Fwp%2Fv2%2Ftags&post=47060"}],"curies":[{"name":"wp","href":"https:\/\/api.w.org\/{rel}","templated":true}]}}