{"id":47044,"date":"2014-12-02T18:04:21","date_gmt":"2014-12-02T21:04:21","guid":{"rendered":"http:\/\/aconteceunovale.com.br\/portal\/?p=47044"},"modified":"2014-12-02T18:04:21","modified_gmt":"2014-12-02T21:04:21","slug":"inauguracao-de-nova-delegacia-de-policia-civil-reune-autoridades-em-turmalina","status":"publish","type":"post","link":"https:\/\/aconteceunovale.com.br\/portal\/?p=47044","title":{"rendered":"Inaugura\u00e7\u00e3o de nova delegacia de Pol\u00edcia Civil re\u00fane autoridades em Turmalina"},"content":{"rendered":"<h4><strong><em>O novo pr\u00e9dio fica ao lado da antiga delegacia e \u00e9 fruto de um investimento de R$ 200 mil, custeado pela Pol\u00edcia Civil<\/em><\/strong><\/h4>\n<p>A nova sede da Delegacia de Pol\u00edcia Civil de Turmalina, no Vale do Jequitinhonha, foi inaugurada na tarde desta ter\u00e7a-feira (2), na Rua Dona Josina Antunes, Bairro Campo. O novo pr\u00e9dio fica ao lado da antiga delegacia e \u00e9 fruto de um investimento de R$ 200 mil, custeado pela Pol\u00edcia Civil. \u201cNeste novo espa\u00e7o a Pol\u00edcia Civil executar\u00e1 o seu trabalho com muito mais qualidade, j\u00e1 que \u00e9 not\u00f3ria a boa estrutura f\u00edsica \u00e0 disposi\u00e7\u00e3o dos servidores\u201d, destacou o chefe da Pol\u00edcia Civil, delegado Oliveira Santiago Maciel, durante o evento.<\/p>\n<p><img decoding=\"async\" src=\"http:\/\/aconteceunovale.com.br\/portal\/wp-content\/uploads\/2014\/12\/nova_delegacia_turmalina.jpg\" alt=\"\" \/><em>Nova delegacia foi inaugurada nesta ter\u00e7a-feira (2) &#8211; Foto: R\u00e1dio Turmalina<\/em><br \/>\n<\/br><\/p>\n<p>A solenidade contou com a presen\u00e7a do prefeito de Turmalina, Zilmar Pinheiro Lopes, do presidente da C\u00e2mara Municipal local, Vicente Chevrolet, da ju\u00edza da comarca de Turmalina, Caroline Rodrigues de Queiroz, al\u00e9m da chefe do Departamento de Pol\u00edcia Civil de Curvelo, delegada Cristiane Lima, do delegado Regional de Capelinha, R\u00f4mulo Quintino da Silva, e o do delegado de Turmalina, Felipe Pontual.<\/p>\n<p>A nova estrutura se destaca pela humaniza\u00e7\u00e3o do espa\u00e7o, garantido \u00e0 popula\u00e7\u00e3o turmalinense um im\u00f3vel mais amplo, com mais conforto e acessibilidade. Na antiga unidade continuar\u00e3o funcionando os servi\u00e7os de Tr\u00e2nsito e de Identifica\u00e7\u00e3o.<\/p>\n<p>Ainda em Turmalina, \u00e0 noite, o chefe da Pol\u00edcia Civil seria agraciado com a Medalha Professor Firmo de Paula Freire, que este ano homenagear\u00e1 150 personalidades de cinco estados brasileiros. A comenda \u00e9 uma iniciativa do Projeto Resgate Memorial do Jequitinhonha, com o apoio do Instituto Hist\u00f3rico e Geogr\u00e1fico de Minas Gerais (IHGMG) e da Federa\u00e7\u00e3o das Ind\u00fastrias de Minas Gerais (Fiemg).<\/p>\n<p><em>(Ag\u00eancia Minas)<\/em><\/p>\n","protected":false},"excerpt":{"rendered":"<p>O novo pr\u00e9dio fica ao lado da antiga delegacia e \u00e9 fruto de um investimento de R$ 200 mil, custeado pela Pol\u00edcia Civil A nova sede da Delegacia de Pol\u00edcia Civil de Turmalina, no Vale do Jequitinhonha, foi inaugurada na tarde desta ter\u00e7a-feira (2), na Rua Dona Josina Antunes, Bairro Campo. O novo pr\u00e9dio fica [&hellip;]<\/p>\n","protected":false},"author":1,"featured_media":47045,"comment_status":"open","ping_status":"closed","sticky":false,"template":"","format":"standard","meta":{"amp_status":"","footnotes":""},"categories":[120],"tags":[25346,25347,25349,25342,25350,25343,21204,25348,178,25345,25344],"class_list":["post-47044","post","type-post","status-publish","format-standard","has-post-thumbnail","hentry","category-jequi","tag-caroline-rodrigues-de-queiroz","tag-cristiane-lim","tag-felipe-pontual","tag-inauguracao-de-nova-delegacia-de-policia-civil-reune-autoridades-em-turmalina","tag-medalha-professor-firmo-de-paula-freire","tag-nova-sede-da-delegacia-de-policia-civil-de-turmalina","tag-oliveira-santiago-maciel","tag-romulo-quintino-da-silva","tag-turmalina","tag-vicente-chevrolet","tag-zilmar-pinheiro-lopes"],"_links":{"self":[{"href":"https:\/\/aconteceunovale.com.br\/portal\/index.php?rest_route=\/wp\/v2\/posts\/47044","targetHints":{"allow":["GET"]}}],"collection":[{"href":"https:\/\/aconteceunovale.com.br\/portal\/index.php?rest_route=\/wp\/v2\/posts"}],"about":[{"href":"https:\/\/aconteceunovale.com.br\/portal\/index.php?rest_route=\/wp\/v2\/types\/post"}],"author":[{"embeddable":true,"href":"https:\/\/aconteceunovale.com.br\/portal\/index.php?rest_route=\/wp\/v2\/users\/1"}],"replies":[{"embeddable":true,"href":"https:\/\/aconteceunovale.com.br\/portal\/index.php?rest_route=%2Fwp%2Fv2%2Fcomments&post=47044"}],"version-history":[{"count":0,"href":"https:\/\/aconteceunovale.com.br\/portal\/index.php?rest_route=\/wp\/v2\/posts\/47044\/revisions"}],"wp:featuredmedia":[{"embeddable":true,"href":"https:\/\/aconteceunovale.com.br\/portal\/index.php?rest_route=\/wp\/v2\/media\/47045"}],"wp:attachment":[{"href":"https:\/\/aconteceunovale.com.br\/portal\/index.php?rest_route=%2Fwp%2Fv2%2Fmedia&parent=47044"}],"wp:term":[{"taxonomy":"category","embeddable":true,"href":"https:\/\/aconteceunovale.com.br\/portal\/index.php?rest_route=%2Fwp%2Fv2%2Fcategories&post=47044"},{"taxonomy":"post_tag","embeddable":true,"href":"https:\/\/aconteceunovale.com.br\/portal\/index.php?rest_route=%2Fwp%2Fv2%2Ftags&post=47044"}],"curies":[{"name":"wp","href":"https:\/\/api.w.org\/{rel}","templated":true}]}}