{"id":47038,"date":"2014-12-02T15:02:20","date_gmt":"2014-12-02T18:02:20","guid":{"rendered":"http:\/\/aconteceunovale.com.br\/portal\/?p=47038"},"modified":"2014-12-02T15:02:20","modified_gmt":"2014-12-02T18:02:20","slug":"prazo-para-justificar-ausencia-ao-primeiro-turno-termina-nesta-quinta-feira-4","status":"publish","type":"post","link":"https:\/\/aconteceunovale.com.br\/portal\/?p=47038","title":{"rendered":"Prazo para justificar aus\u00eancia ao primeiro turno termina nesta quinta-feira (4)"},"content":{"rendered":"<p>Quinta-feira (4) \u00e9 o\u00a0<b>\u00faltimo dia<\/b>\u00a0para quem n\u00e3o votou e nem justificou a sua aus\u00eancia \u00e0s urnas no primeiro turno das Elei\u00e7\u00f5es 2014 \u2013 5 de outubro \u2013 regularizar a sua situa\u00e7\u00e3o perante a Justi\u00e7a Eleitoral. O eleitor nesta situa\u00e7\u00e3o deve procurar o cart\u00f3rio eleitoral mais pr\u00f3ximo e apresentar o\u00a0<b>formul\u00e1rio de Requerimento de Justificativa Eleitoral<\/b>\u00a0preenchido, acompanhado de documento que comprove a impossibilidade de comparecimento ao pleito (um atestado m\u00e9dico, por exemplo). A justificativa tamb\u00e9m pode ser enviada pelos Correios ao juiz da Zona Eleitoral onde o eleitor est\u00e1 inscrito.<\/p>\n<p>O Requerimento de Justificativa Eleitoral, dispon\u00edvel para o eleitor em todos os cart\u00f3rios eleitorais, tamb\u00e9m pode ser impresso pelo<a href=\"http:\/\/www.tre-mg.jus.br\/eleitor\/requerimento-de-justificativa-eleitoral\">site do TRE-MG<\/a>. O preenchimento deve ser feito com\u00a0<b>bastante aten\u00e7\u00e3o<\/b>, j\u00e1 que, caso haja algum dado incorreto ou que n\u00e3o permita a identifica\u00e7\u00e3o do eleitor, a justificativa n\u00e3o ser\u00e1 considerada v\u00e1lida. \u00c9 importante lembrar que\u00a0<b>a justificativa vale apenas para um turno<\/b>. Portanto, o eleitor que tamb\u00e9m n\u00e3o compareceu \u00e0s urnas no dia 26 de outubro \u2013 segundo turno \u2013 deve apresentar outra justificativa. Nesse caso, ele tem at\u00e9 o dia 26 de dezembro.<\/p>\n<p>Al\u00e9m do formul\u00e1rio preenchido e do documento que justifique a aus\u00eancia, o eleitor tamb\u00e9m deve levar ao cart\u00f3rio eleitoral um documento oficial com foto. Em\u00a0<b>Belo Horizonte<\/b>, o atendimento ao eleitor funciona das 8h \u00e0s 18h, na Contorno, Barreiro e Venda Nova. \u00a0No\u00a0<b>interior<\/b>, o funcionamento \u00e9 das 12h \u00e0s 18h. O eleitor que perder o prazo dever\u00e1 pagar uma multa para regularizar a sua situa\u00e7\u00e3o. Aquele que n\u00e3o estiver quite com a Justi\u00e7a Eleitoral sofre algumas\u00a0<b>limita\u00e7\u00f5es<\/b>, como a impossibilidade de emiss\u00e3o de passaporte e de posse em cargo p\u00fablico. O eleitor que n\u00e3o votou, n\u00e3o justificou e nem pagou as multas referentes a tr\u00eas turnos consecutivos pode ter o seu t\u00edtulo cancelado.<\/p>\n<h4><b>Eleitor no exterior<\/b><\/h4>\n<p>O eleitor que n\u00e3o votou no primeiro e\/ou no segundo turno das Elei\u00e7\u00f5es 2014 porque estava no exterior tem o prazo de\u00a0<b>30 dias<\/b>, contados do seu retorno ao pa\u00eds, para justificar a aus\u00eancia. Nesse caso, ele deve apresentar as passagens e\/ou o passaporte, de modo a comprovar que estava fora do pa\u00eds nas datas dos pleitos.<\/p>\n<h4><b>Absten\u00e7\u00f5es<\/b><\/h4>\n<p>No primeiro turno das Elei\u00e7\u00f5es 2014, 12.186.182 (79,98%) eleitores mineiros compareceram \u00e0s urnas, representando um \u00edndice de 20,02% de absten\u00e7\u00e3o. Em Belo Horizonte, 1.564.078 (81,93%) eleitores votaram, e a absten\u00e7\u00e3o representou 18,07%. No Brasil, o comparecimento \u00e0s urnas foi de 115.122.883 (80,61%) eleitores, enquanto o \u00edndice de absten\u00e7\u00e3o ficou em 19,39%. Outras informa\u00e7\u00f5es pelo Disque-Eleitor (148)<\/p>\n<p><em>(Fonte: TRE de Minas Gerais)<\/em><\/p>\n","protected":false},"excerpt":{"rendered":"<p>Quinta-feira (4) \u00e9 o\u00a0\u00faltimo dia\u00a0para quem n\u00e3o votou e nem justificou a sua aus\u00eancia \u00e0s urnas no primeiro turno das Elei\u00e7\u00f5es 2014 \u2013 5 de outubro \u2013 regularizar a sua situa\u00e7\u00e3o perante a Justi\u00e7a Eleitoral. O eleitor nesta situa\u00e7\u00e3o deve procurar o cart\u00f3rio eleitoral mais pr\u00f3ximo e apresentar o\u00a0formul\u00e1rio de Requerimento de Justificativa Eleitoral\u00a0preenchido, acompanhado [&hellip;]<\/p>\n","protected":false},"author":1,"featured_media":41173,"comment_status":"open","ping_status":"closed","sticky":false,"template":"","format":"standard","meta":{"amp_status":"","footnotes":""},"categories":[6],"tags":[25329,25330,25328,25327,17640],"class_list":["post-47038","post","type-post","status-publish","format-standard","has-post-thumbnail","hentry","category-br","tag-justificar-voto-primeiro-turno","tag-justificativa-de-voto-para-quem-estava-fora-do-brasil","tag-justificativa-de-voto-para-quem-estava-no-exterior","tag-prazo-para-justificar-ausencia-ao-primeiro-turno-termina-nesta-quinta-feira-4","tag-prazo-para-justificar-voto"],"_links":{"self":[{"href":"https:\/\/aconteceunovale.com.br\/portal\/index.php?rest_route=\/wp\/v2\/posts\/47038","targetHints":{"allow":["GET"]}}],"collection":[{"href":"https:\/\/aconteceunovale.com.br\/portal\/index.php?rest_route=\/wp\/v2\/posts"}],"about":[{"href":"https:\/\/aconteceunovale.com.br\/portal\/index.php?rest_route=\/wp\/v2\/types\/post"}],"author":[{"embeddable":true,"href":"https:\/\/aconteceunovale.com.br\/portal\/index.php?rest_route=\/wp\/v2\/users\/1"}],"replies":[{"embeddable":true,"href":"https:\/\/aconteceunovale.com.br\/portal\/index.php?rest_route=%2Fwp%2Fv2%2Fcomments&post=47038"}],"version-history":[{"count":0,"href":"https:\/\/aconteceunovale.com.br\/portal\/index.php?rest_route=\/wp\/v2\/posts\/47038\/revisions"}],"wp:featuredmedia":[{"embeddable":true,"href":"https:\/\/aconteceunovale.com.br\/portal\/index.php?rest_route=\/wp\/v2\/media\/41173"}],"wp:attachment":[{"href":"https:\/\/aconteceunovale.com.br\/portal\/index.php?rest_route=%2Fwp%2Fv2%2Fmedia&parent=47038"}],"wp:term":[{"taxonomy":"category","embeddable":true,"href":"https:\/\/aconteceunovale.com.br\/portal\/index.php?rest_route=%2Fwp%2Fv2%2Fcategories&post=47038"},{"taxonomy":"post_tag","embeddable":true,"href":"https:\/\/aconteceunovale.com.br\/portal\/index.php?rest_route=%2Fwp%2Fv2%2Ftags&post=47038"}],"curies":[{"name":"wp","href":"https:\/\/api.w.org\/{rel}","templated":true}]}}