{"id":47033,"date":"2014-12-02T14:56:05","date_gmt":"2014-12-02T17:56:05","guid":{"rendered":"http:\/\/aconteceunovale.com.br\/portal\/?p=47033"},"modified":"2014-12-02T14:57:29","modified_gmt":"2014-12-02T17:57:29","slug":"tribunal-de-justica-confirma-condenacao-do-assassino-de-bailarino-de-montes-claros","status":"publish","type":"post","link":"https:\/\/aconteceunovale.com.br\/portal\/?p=47033","title":{"rendered":"Tribunal de Justi\u00e7a confirma condena\u00e7\u00e3o do assassino de bailarino de Montes Claros"},"content":{"rendered":"<p>A 1\u00aa C\u00e2mara Criminal do Tribunal de Justi\u00e7a de Minas Gerais (TJMG) manteve na manh\u00e3 de hoje (2) a condena\u00e7\u00e3o do zootecnista Ricardo Athayde Vasconcelos pelo homic\u00eddio do artista Igor Leonardo Lacerda Xavier, ocorrido em mar\u00e7o de 2002, em Montes Claros. Os desembargadores modificaram a senten\u00e7a apenas para reduzir a pena de 14 para 12 anos de reclus\u00e3o, em regime fechado.<\/p>\n<p><img decoding=\"async\" src=\"http:\/\/aconteceunovale.com.br\/portal\/wp-content\/uploads\/2014\/12\/bailarino_moc_1.jpg\" alt=\"\" \/><em>Igor Leonardo Lacerda Xavier foi brutalmente assassinado em 2002 &#8211; Foto: Divulga\u00e7\u00e3o<\/em><br \/>\n<\/br><\/p>\n<p>A defesa de Ricardo Athayde requereu a cassa\u00e7\u00e3o da decis\u00e3o do 2\u00ba Tribunal do J\u00fari de Belo Horizonte, que em agosto de 2013 condenou o r\u00e9u a 14 anos de reclus\u00e3o. Foi alegado que a qualificadora do motivo f\u00fatil \u00e9 contr\u00e1ria \u00e0 prova dos autos. Segundo a defesa, n\u00e3o existe futilidade quando se trata de um crime ocorrido no Norte de Minas, regi\u00e3o em que \u201cos valores, culturais, inclusive, s\u00e3o bem diversos dos valores dos grandes centros como Belo Horizonte\u201d.<\/p>\n<p>A relatora do recurso, desembargadora K\u00e1rin Emmerich, ressaltou que \u201chouve, sem d\u00favida, uma desproporcionalidade com a gravidade da rea\u00e7\u00e3o homicida do acusado, injustific\u00e1vel seja aqui, um grande centro, seja no Norte de Minas\u201d.<\/p>\n<p>\u201cN\u00e3o paira d\u00favida de que o r\u00e9u agiu por motivo f\u00fatil ao desferir cinco tiros, disparados por duas armas de fogo, por ter encontrado a v\u00edtima \u2018bolinando\u2019 seu filho, que \u00e0 \u00e9poca estava com 18 anos\u201d, afirmou a relatora.<\/p>\n<p>\u201cPor mais que se imagine a diferen\u00e7a de cultura, de preceitos \u00e9ticos e morais, neste pa\u00eds t\u00e3o grande como o Brasil, como tamb\u00e9m \u00e9 o nosso Estado, e \u00e9 evidente que possa existir, por\u00e9m em nenhum lugar a viol\u00eancia pode ser admitida, como aqui ocorrida e reconhecida pelo Tribunal do J\u00fari, a justificar a atitude desproporcionada entre o fato e sua consequ\u00eancia\u201d, concluiu.<\/p>\n<p>A relatora ressaltou ainda que, \u201cembasados na prova dos autos, h\u00e1 de se respeitar a soberania constitucional dos vereditos populares\u201d. Os desembargadores Silas Vieira e Alberto Deodato Neto acompanharam a relatora.<\/p>\n<h4>Entenda o caso<\/h4>\n<p>Ricardo contou que em 28 de fevereiro de 2002, dia do crime, sentou com dois conhecidos em um bar de Montes Claros. Al\u00e9m deles, outras pessoas se revezavam \u00e0 mesas em um clima descontra\u00eddo entre 21h e 0h. Nesse per\u00edodo, a discuss\u00e3o principal entre todos era sobre filosofia e em determinado momento, Igor pediu permiss\u00e3o para sentar com o grupo e participar da conversa. Ricardo afirma que n\u00e3o conhecia Igor e nunca o tinha visto. <\/p>\n<p>Segundo Ricardo, Igor pediu livros de filosofia emprestados. Ele foi levado, ent\u00e3o, para a casa da fam\u00edlia para pegar os livros. O acusado disse que chamou o filho para fazer companhia ao bailarino na sala do im\u00f3vel enquanto ele foi ao banheiro e \u00e0 cozinha. Ao retornar ao c\u00f4modo, flagrou o dan\u00e7arino assediando seu filho. Foi neste momento em que ele pegou duas armas que guardava no arm\u00e1rio e foi em dire\u00e7\u00e3o ao artista na sala. <\/p>\n<p>O acusado contou que trope\u00e7ou, momento em que ocorreu o primeiro disparo. Igor avan\u00e7ou sobre ele e os dois se atracaram brigando, foi quando Ricardo disparou mais uma vez, matando o bailarino. Desesperados, pai e filho foram at\u00e9 a casa de parentes e um irm\u00e3o do zootecnista o orientou a seguir para Belo Horizonte e emprestou uma caminhonete para a viagem.<\/p>\n<p>Pai e filho voltaram para a casa, pegaram o corpo de Igor para ocultar o cad\u00e1ver. Ricardo arrastou o corpo at\u00e9 a carroceria da caminhonete, enquanto o filho limpava os rastros de sangue deixados no ch\u00e3o. O corpo do artista foi abandonado durante a viagem \u00e0 capital em uma estrada vicinal, \u00e0s margens da BR-365, mesmo local onde foram deixadas as duas armas. <\/p>\n<p>No caminho, o ve\u00edculo apresentou problemas e Ricardo resolveu voltar a Montes Claros, onde se encontrou novamente com o irm\u00e3o. Como o zootecnista estava muito atormentado, o irm\u00e3o assumiu a dire\u00e7\u00e3o da caminhonete e transportou os dois acusados para BH. <\/p>\n<p>O filho do r\u00e9u relatou exatamente a mesma vers\u00e3o do pai, durante o depoimento no j\u00fari. Ele disse que ao \u201cfazer sala\u201d para Igor foi atacado pelo bailarino. Segundo ele, Igor sentou no sof\u00e1 e come\u00e7ou a pegar em seu pesco\u00e7o e que teria se desvencilhado educadamente at\u00e9 o pai perceber a situa\u00e7\u00e3o e o caso terminar em trag\u00e9dia. <\/p>\n<p><img decoding=\"async\" src=\"http:\/\/aconteceunovale.com.br\/portal\/wp-content\/uploads\/2014\/12\/bailarino_moc_2.jpg\" alt=\"\" \/><em>TJMG confirmou a condena\u00e7\u00e3o de Ricardo Athayde &#8211; Foto: Christiano Lorenzato\/Estado de Minas<\/em><br \/>\n<\/br><\/p>\n<p><strong><em>(Fonte: TJMG e Estado de Minas)<\/em><\/strong><\/p>\n","protected":false},"excerpt":{"rendered":"<p>A 1\u00aa C\u00e2mara Criminal do Tribunal de Justi\u00e7a de Minas Gerais (TJMG) manteve na manh\u00e3 de hoje (2) a condena\u00e7\u00e3o do zootecnista Ricardo Athayde Vasconcelos pelo homic\u00eddio do artista Igor Leonardo Lacerda Xavier, ocorrido em mar\u00e7o de 2002, em Montes Claros. Os desembargadores modificaram a senten\u00e7a apenas para reduzir a pena de 14 para 12 [&hellip;]<\/p>\n","protected":false},"author":1,"featured_media":47030,"comment_status":"open","ping_status":"closed","sticky":false,"template":"","format":"standard","meta":{"amp_status":"","footnotes":""},"categories":[1236],"tags":[25325,25326,1018,25323,210,25324,25322,25321],"class_list":["post-47033","post","type-post","status-publish","format-standard","has-post-thumbnail","hentry","category-norte_de_minas","tag-condenacao-de-ricardo-athayde-vasconcelos","tag-confirmacao-da-condenacao-de-ricardo-athayde-vasconcelos","tag-destaque","tag-igor-leonardo-lacerda-xavier","tag-montes-claros","tag-morte-de-bailarino-em-montes-claros","tag-ricardo-athayde-vasconcelos","tag-tribunal-de-justica-confirma-condenacao-de-assassino-de-bailarino-em-montes-claros"],"_links":{"self":[{"href":"https:\/\/aconteceunovale.com.br\/portal\/index.php?rest_route=\/wp\/v2\/posts\/47033","targetHints":{"allow":["GET"]}}],"collection":[{"href":"https:\/\/aconteceunovale.com.br\/portal\/index.php?rest_route=\/wp\/v2\/posts"}],"about":[{"href":"https:\/\/aconteceunovale.com.br\/portal\/index.php?rest_route=\/wp\/v2\/types\/post"}],"author":[{"embeddable":true,"href":"https:\/\/aconteceunovale.com.br\/portal\/index.php?rest_route=\/wp\/v2\/users\/1"}],"replies":[{"embeddable":true,"href":"https:\/\/aconteceunovale.com.br\/portal\/index.php?rest_route=%2Fwp%2Fv2%2Fcomments&post=47033"}],"version-history":[{"count":0,"href":"https:\/\/aconteceunovale.com.br\/portal\/index.php?rest_route=\/wp\/v2\/posts\/47033\/revisions"}],"wp:featuredmedia":[{"embeddable":true,"href":"https:\/\/aconteceunovale.com.br\/portal\/index.php?rest_route=\/wp\/v2\/media\/47030"}],"wp:attachment":[{"href":"https:\/\/aconteceunovale.com.br\/portal\/index.php?rest_route=%2Fwp%2Fv2%2Fmedia&parent=47033"}],"wp:term":[{"taxonomy":"category","embeddable":true,"href":"https:\/\/aconteceunovale.com.br\/portal\/index.php?rest_route=%2Fwp%2Fv2%2Fcategories&post=47033"},{"taxonomy":"post_tag","embeddable":true,"href":"https:\/\/aconteceunovale.com.br\/portal\/index.php?rest_route=%2Fwp%2Fv2%2Ftags&post=47033"}],"curies":[{"name":"wp","href":"https:\/\/api.w.org\/{rel}","templated":true}]}}