{"id":47027,"date":"2014-12-02T14:34:33","date_gmt":"2014-12-02T17:34:33","guid":{"rendered":"http:\/\/aconteceunovale.com.br\/portal\/?p=47027"},"modified":"2014-12-02T14:34:33","modified_gmt":"2014-12-02T17:34:33","slug":"mais-de-20-milhoes-de-pessoas-sao-mantidas-como-escravos-modernos-mostra-estimativa-da-onu","status":"publish","type":"post","link":"https:\/\/aconteceunovale.com.br\/portal\/?p=47027","title":{"rendered":"Mais de 20 milh\u00f5es de pessoas s\u00e3o mantidas como escravos modernos, mostra estimativa da ONU"},"content":{"rendered":"<p>Pelo menos 20,9 milh\u00f5es de pessoas \u2013 principalmente mulheres e meninas \u2013, no mundo s\u00e3o afetadas pelas diversas formas contempor\u00e2neas de escravid\u00e3o, segundo estimativa da Organiza\u00e7\u00e3o das Na\u00e7\u00f5es Unidas (ONU). A pobreza, os conflitos, a viol\u00eancia e a falta de acesso \u00e0 educa\u00e7\u00e3o, ao trabalho decente e de oportunidades para o empoderamento socioecon\u00f4mico s\u00e3o considerados os principais fatores subjacentes \u00e0 escravid\u00e3o, segundo a organiza\u00e7\u00e3o.  <\/p>\n<p>A ONU celebra hoje (2) o Dia Internacional para a Aboli\u00e7\u00e3o da Escravatura. Em nota, o secret\u00e1rio-geral, Ban Ki-moon, declarou que a cada dia &#8220;mulheres s\u00e3o traficadas&#8221; e &#8220;meninas for\u00e7adas a casar, abusadas sexualmente e exploradas para trabalhos dom\u00e9sticos&#8221;. Ele lembrou que &#8220;homens, separados de suas fam\u00edlias, s\u00e3o mantidos presos em f\u00e1bricas clandestinas&#8221;.<\/p>\n<p>O secret\u00e1rio-geral disse que governos, a sociedade civil e o setor privado devem se unir para erradicar todas as formas contempor\u00e2neas de escravid\u00e3o, incluindo o trabalho for\u00e7ado. Ele apelou para que os Estados-Membros &#8220;ratifiquem e implementem os instrumentos relevantes de direito internacional, em particular o novo protocolo elaborado pela Organiza\u00e7\u00e3o Internacional do Trabalho, que foi concebido para fortalecer os esfor\u00e7os globais para eliminar o trabalho for\u00e7ado&#8221;.<\/p>\n<h4>Papa considera escravid\u00e3o crime contra a humanidade<\/h4>\n<p>O papa Francisco qualificou hoje (2) como crime contra a humanidade todas as formas de escravid\u00e3o moderna, na cerim\u00f4nia de assinatura de um acordo com l\u00edderes de v\u00e1rias religi\u00f5es para erradicar essa pr\u00e1tica at\u00e9 2020.<\/p>\n<p>\u201cDeclaramos, em cada um dos nossos credos, que a escravid\u00e3o moderna em todas as suas formas \u2013 prostitui\u00e7\u00e3o, trabalho for\u00e7ado, mutila\u00e7\u00e3o, venda de \u00f3rg\u00e3os ou trabalho infantil \u2013 \u00e9 um crime de lesa humanidade\u201d, afirmou o papa.<\/p>\n<p>O papa ressaltou que \u201ccada ser humano \u00e9 uma pessoa livre\u201d e \u201ctodas as pessoas s\u00e3o iguais e t\u00eam de lhes ser reconhecidas a mesma dignidade e a mesma liberdade\u201d.<\/p>\n<p>Qualificando a assinatura do acordo de \u201ciniciativa hist\u00f3rica\u201d, Francisco comemorou o esfor\u00e7o conjunto de todas as religi\u00f5es \u201cpara erradicar o terr\u00edvel flagelo da escravid\u00e3o moderna em todas as suas formas\u201d que \u201cacorrenta dezenas de milhares de pessoas \u00e0 humilha\u00e7\u00e3o e \u00e0 desumaniza\u00e7\u00e3o\u201d e apelou a todos os governos e empresas que se juntem a esse esfor\u00e7o.<\/p>\n<p>Participaram da cerim\u00f4nia representantes de v\u00e1rias religi\u00f5es, entre os quais o hindu Mata Amritanandamayi, os rabinos Abraham Skorka (argentino) e norte-americano David Rosen (norte-americano), o ortodoxo franc\u00eas Emmanuel, o aiatol\u00e1 iraquiano Mohammad Taqi Al Modarresi e o arcebispo brit\u00e2nico Justin Welby.<\/p>\n<p><strong><em>(Ag\u00eancia Brasil)<\/em><\/strong><\/p>\n","protected":false},"excerpt":{"rendered":"<p>Pelo menos 20,9 milh\u00f5es de pessoas \u2013 principalmente mulheres e meninas \u2013, no mundo s\u00e3o afetadas pelas diversas formas contempor\u00e2neas de escravid\u00e3o, segundo estimativa da Organiza\u00e7\u00e3o das Na\u00e7\u00f5es Unidas (ONU). A pobreza, os conflitos, a viol\u00eancia e a falta de acesso \u00e0 educa\u00e7\u00e3o, ao trabalho decente e de oportunidades para o empoderamento socioecon\u00f4mico s\u00e3o considerados [&hellip;]<\/p>\n","protected":false},"author":1,"featured_media":33624,"comment_status":"open","ping_status":"closed","sticky":false,"template":"","format":"standard","meta":{"amp_status":"","footnotes":""},"categories":[6],"tags":[25317,25312,25315,25318,25311,25314,21740,25316,25320,25310,25309,25319,24300,25313,946],"class_list":["post-47027","post","type-post","status-publish","format-standard","has-post-thumbnail","hentry","category-br","tag-abraham-skorka","tag-ban-ki-moon","tag-crime-contra-a-humanidade","tag-david-rosen","tag-dia-internacional-para-a-abolicao-da-escravatura","tag-escravidao","tag-escravos-modernos","tag-hindu-mata-amritanandamayi","tag-justin-welby","tag-mais-de-20-milhoes-de-pessoas-sao-mantidas-como-escravos-modernos","tag-mais-de-20-milhoes-de-pessoas-sao-mantidas-como-escravos-modernos-mostra-estimativa-da-onu","tag-mohammad-taqi-al-modarresi","tag-onu","tag-papa-considera-escravidao-crime-contra-a-humanidade","tag-papa-francisco"],"_links":{"self":[{"href":"https:\/\/aconteceunovale.com.br\/portal\/index.php?rest_route=\/wp\/v2\/posts\/47027","targetHints":{"allow":["GET"]}}],"collection":[{"href":"https:\/\/aconteceunovale.com.br\/portal\/index.php?rest_route=\/wp\/v2\/posts"}],"about":[{"href":"https:\/\/aconteceunovale.com.br\/portal\/index.php?rest_route=\/wp\/v2\/types\/post"}],"author":[{"embeddable":true,"href":"https:\/\/aconteceunovale.com.br\/portal\/index.php?rest_route=\/wp\/v2\/users\/1"}],"replies":[{"embeddable":true,"href":"https:\/\/aconteceunovale.com.br\/portal\/index.php?rest_route=%2Fwp%2Fv2%2Fcomments&post=47027"}],"version-history":[{"count":0,"href":"https:\/\/aconteceunovale.com.br\/portal\/index.php?rest_route=\/wp\/v2\/posts\/47027\/revisions"}],"wp:featuredmedia":[{"embeddable":true,"href":"https:\/\/aconteceunovale.com.br\/portal\/index.php?rest_route=\/wp\/v2\/media\/33624"}],"wp:attachment":[{"href":"https:\/\/aconteceunovale.com.br\/portal\/index.php?rest_route=%2Fwp%2Fv2%2Fmedia&parent=47027"}],"wp:term":[{"taxonomy":"category","embeddable":true,"href":"https:\/\/aconteceunovale.com.br\/portal\/index.php?rest_route=%2Fwp%2Fv2%2Fcategories&post=47027"},{"taxonomy":"post_tag","embeddable":true,"href":"https:\/\/aconteceunovale.com.br\/portal\/index.php?rest_route=%2Fwp%2Fv2%2Ftags&post=47027"}],"curies":[{"name":"wp","href":"https:\/\/api.w.org\/{rel}","templated":true}]}}