{"id":47021,"date":"2014-12-02T14:27:06","date_gmt":"2014-12-02T17:27:06","guid":{"rendered":"http:\/\/aconteceunovale.com.br\/portal\/?p=47021"},"modified":"2014-12-02T19:40:53","modified_gmt":"2014-12-02T22:40:53","slug":"autoescolas-reagem-a-resolucao-do-contran-que-limita-numero-de-aulas-praticas","status":"publish","type":"post","link":"https:\/\/aconteceunovale.com.br\/portal\/?p=47021","title":{"rendered":"Instrutor diz que resolu\u00e7\u00e3o do Contran \u00e9 insuficiente para formar bom motorista"},"content":{"rendered":"<p>Professores de autoescolas do Distrito Federal consideram a resolu\u00e7\u00e3o do Conselho Nacional de Tr\u00e2nsito (Contran), que passa de 20 para 25 o limite m\u00ednimo de aulas pr\u00e1ticas para alunos que desejarem tirar carteira de habilita\u00e7\u00e3o, insuficiente para formar motoristas mais conscientes. A resolu\u00e7\u00e3o, que entrou em vigor ontem (2), vale apenas para quem se habilitar \u00e0 categoria &#8220;B&#8221;.<\/p>\n<p>Instrutor de dire\u00e7\u00e3o, Romualdo Jos\u00e9 da Silva, de 58 anos, avalia que o limite m\u00ednimo de aulas n\u00e3o garante experi\u00eancia suficiente para algu\u00e9m pegar o volante em situa\u00e7\u00e3o real, ou seja no tr\u00e2nsito. &#8220;H\u00e1 30 anos na profiss\u00e3o, ensinei pessoas que poderiam ser habilitadas em quatro ou cinco aulas. Entretanto, outras n\u00e3o poderiam alcan\u00e7ar a habilita\u00e7\u00e3o nem com as 20 aulas. Na verdade, o que conta \u00e9 a capacidade da pessoa. Cada um tem um tempo diferente para aprender a dirigir&#8221;, salientou Romualdo.<\/p>\n<p>O instrutor ressaltou outra particularidade na defini\u00e7\u00e3o do limite m\u00ednimo. &#8220;Alguns alunos, com mais dificuldades, quando est\u00e3o pr\u00f3ximos das aulas consideradas suficientes, ficam desestimulados, pois entendem que o quantitativo deveria ser suficiente. Acho que cada pessoa deveria ser capacitada pelo pr\u00f3prio instrutor, que \u00e9 quem a acompanha&#8221;, concluiu.<\/p>\n<p>O aumento do n\u00famero de aulas tamb\u00e9m reflete no bolso do consumidor. Estudante de psicologia, J\u00e9ssica Emanuele, de 22 anos, acredita que a medida, pelo menos em um primeiro momento, reduzir\u00e1 a procura pelas autoescolas.<\/p>\n<p>&#8220;Estou no fim das aulas. Comecei a tirar carteira antes da resolu\u00e7\u00e3o e paguei menos. \u00c9 caro conseguir se habilitar. Com essas aulas a mais, as pessoas acabar\u00e3o deixando para depois. Ainda assim, quem quiser deve procurar bem, pois n\u00e3o \u00e9 dif\u00edcil encontrar autoescolas mais baratas&#8221;, acrescentou J\u00e9ssica.<\/p>\n<p><strong><em>(Ag\u00eancia Brasil)<\/em><\/strong><\/p>\n","protected":false},"excerpt":{"rendered":"<p>Professores de autoescolas do Distrito Federal consideram a resolu\u00e7\u00e3o do Conselho Nacional de Tr\u00e2nsito (Contran), que passa de 20 para 25 o limite m\u00ednimo de aulas pr\u00e1ticas para alunos que desejarem tirar carteira de habilita\u00e7\u00e3o, insuficiente para formar motoristas mais conscientes. A resolu\u00e7\u00e3o, que entrou em vigor ontem (2), vale apenas para quem se habilitar [&hellip;]<\/p>\n","protected":false},"author":1,"featured_media":47022,"comment_status":"open","ping_status":"closed","sticky":false,"template":"","format":"standard","meta":{"amp_status":"","footnotes":""},"categories":[6],"tags":[25300,25298,25296,25297,25368,25301,25302,25303,25299],"class_list":["post-47021","post","type-post","status-publish","format-standard","has-post-thumbnail","hentry","category-br","tag-aulas","tag-autoescolas","tag-autoescolas-reagem-a-resolucao-do-contran-que-limita-numero-de-aulas-praticas","tag-contran","tag-instrutor-diz-que-resolucao-do-contran-e-insuficiente-para-formar-bom-motorista","tag-limite","tag-limite-de-aulas-praticas-para-alunos","tag-limite-de-aulas-praticas-para-alunos-em-auto-escolas","tag-resolucao"],"_links":{"self":[{"href":"https:\/\/aconteceunovale.com.br\/portal\/index.php?rest_route=\/wp\/v2\/posts\/47021","targetHints":{"allow":["GET"]}}],"collection":[{"href":"https:\/\/aconteceunovale.com.br\/portal\/index.php?rest_route=\/wp\/v2\/posts"}],"about":[{"href":"https:\/\/aconteceunovale.com.br\/portal\/index.php?rest_route=\/wp\/v2\/types\/post"}],"author":[{"embeddable":true,"href":"https:\/\/aconteceunovale.com.br\/portal\/index.php?rest_route=\/wp\/v2\/users\/1"}],"replies":[{"embeddable":true,"href":"https:\/\/aconteceunovale.com.br\/portal\/index.php?rest_route=%2Fwp%2Fv2%2Fcomments&post=47021"}],"version-history":[{"count":0,"href":"https:\/\/aconteceunovale.com.br\/portal\/index.php?rest_route=\/wp\/v2\/posts\/47021\/revisions"}],"wp:featuredmedia":[{"embeddable":true,"href":"https:\/\/aconteceunovale.com.br\/portal\/index.php?rest_route=\/wp\/v2\/media\/47022"}],"wp:attachment":[{"href":"https:\/\/aconteceunovale.com.br\/portal\/index.php?rest_route=%2Fwp%2Fv2%2Fmedia&parent=47021"}],"wp:term":[{"taxonomy":"category","embeddable":true,"href":"https:\/\/aconteceunovale.com.br\/portal\/index.php?rest_route=%2Fwp%2Fv2%2Fcategories&post=47021"},{"taxonomy":"post_tag","embeddable":true,"href":"https:\/\/aconteceunovale.com.br\/portal\/index.php?rest_route=%2Fwp%2Fv2%2Ftags&post=47021"}],"curies":[{"name":"wp","href":"https:\/\/api.w.org\/{rel}","templated":true}]}}