{"id":47011,"date":"2014-12-02T13:48:10","date_gmt":"2014-12-02T16:48:10","guid":{"rendered":"http:\/\/aconteceunovale.com.br\/portal\/?p=47011"},"modified":"2014-12-02T13:48:10","modified_gmt":"2014-12-02T16:48:10","slug":"crianca-arrastada-por-correnteza-e-a-segunda-vitima-do-periodo-chuvoso-20142015-em-minas","status":"publish","type":"post","link":"https:\/\/aconteceunovale.com.br\/portal\/?p=47011","title":{"rendered":"Crian\u00e7a arrastada por correnteza \u00e9 a segunda v\u00edtima do per\u00edodo chuvoso 2014\/2015 em Minas"},"content":{"rendered":"<p>O menino Ivan Kenedy Teixeira de Jesus, de 2 anos, morreu na manh\u00e3 de segunda-feira (1\u00ba) ap\u00f3s ser arrastado por uma correnteza. Ele estava em um ve\u00edculo, na companhia de parentes, que foi submerso pela for\u00e7a da \u00e1gua. O acidente, conforme a Coordenadoria Estadual de Defesa Civil (Comdec), ocorreu em Icara\u00ed de Minas, regi\u00e3o Norte do Estado.<\/p>\n<p>Segundo o \u00f3rg\u00e3o, o ve\u00edculo com cinco ocupantes, passava pela estrada rural MGT-161 quando pr\u00f3ximo de um c\u00f3rrego a \u00e1gua subiu repentinamente encobrindo o autom\u00f3vel. O carro foi arrastado e o garoto n\u00e3o conseguiu se salvar.<\/p>\n<p>O corpo da v\u00edtima foi encontrado por militares do Corpo de Bombeiros e encaminhado para o munic\u00edpio de S\u00e3o Francisco e, posteriormente, transferido para o Instituto M\u00e9dico-Legal (IML) de Janu\u00e1ria. Os outros ocupantes do ve\u00edculo sofreram ferimentos leves.<\/p>\n<p><img decoding=\"async\" src=\"http:\/\/aconteceunovale.com.br\/portal\/wp-content\/uploads\/2014\/12\/arrastado_pela_correnteza_icarai.jpg\" alt=\"\" \/><em>O corpo da crian\u00e7a foi encontrado por militares do Corpo de Bombeiros &#8211; Foto: Corpo de Bombeiros<\/em><br \/>\n<\/br><\/p>\n<p>A Cedec informou que est\u00e1 em contato com o munic\u00edpio para verificar a possibilidade de apoio complementar. Icara\u00ed de Minas est\u00e1 localizado pr\u00f3ximo aos munic\u00edpios de Janu\u00e1ria e S\u00e3o Francisco, distante 590 Km de Belo Horizonte.<\/p>\n<p>O primeiro \u00f3bito no Estado registrado durante o per\u00edodo chuvoso 2014\/2015 foi de William Carvalho, de 44 anos. Ele morreu ap\u00f3s ter sido atingido por uma descarga atmosf\u00e9rica enquanto trabalhava em uma fazenda no povoado de S\u00e3o Jos\u00e9 das Rosas, no munic\u00edpio de Santo Ant\u00f4nio do Monte, regi\u00e3o Centro-Oeste de Minas. <\/p>\n<h4>Destrui\u00e7\u00e3o<\/h4>\n<p>Levantamento da Defesa Civil aponta, ainda, que quatro cidades mineiras j\u00e1 decretaram situa\u00e7\u00e3o de emerg\u00eancia em decorr\u00eancia da chuva. S\u00e3o elas: Carangola (Zona da Mata), Rio Piracicaba (Regi\u00e3o Central), Sabar\u00e1 (Regi\u00e3o Metropolitana) e Francisc\u00f3polis (Vale do Mucuri).<\/p>\n<p>Al\u00e9m disso, os munic\u00edpios de Barra Longa (Zona da Mata), Itajub\u00e1 (Sul de Minas), Lavras (Sul de Minas), Santo Ant\u00f4nio do Monte (Centro-Oeste) e tamb\u00e9m Icara\u00ed de Minas recorreram a Defesa Civil informando que foram atingidos por fortes temporais, que provocaram alagamentos, inunda\u00e7\u00f5es e destrui\u00e7\u00e3o<\/p>\n<p>O balan\u00e7o da Cedec revela ainda que desde o in\u00edcio do per\u00edodo chuvoso, 353 casas foram danificadas, outras sete destru\u00eddas, al\u00e9m de oito obras de infraestrutura. No total, 2.495 pessoas est\u00e3o desalojadas, 40 desabrigadas e quatro feridas.<\/p>\n<p><strong><em>(Hoje em Dia)<\/em><\/strong><\/p>\n","protected":false},"excerpt":{"rendered":"<p>O menino Ivan Kenedy Teixeira de Jesus, de 2 anos, morreu na manh\u00e3 de segunda-feira (1\u00ba) ap\u00f3s ser arrastado por uma correnteza. Ele estava em um ve\u00edculo, na companhia de parentes, que foi submerso pela for\u00e7a da \u00e1gua. O acidente, conforme a Coordenadoria Estadual de Defesa Civil (Comdec), ocorreu em Icara\u00ed de Minas, regi\u00e3o Norte [&hellip;]<\/p>\n","protected":false},"author":1,"featured_media":47012,"comment_status":"open","ping_status":"closed","sticky":false,"template":"","format":"standard","meta":{"amp_status":"","footnotes":""},"categories":[123],"tags":[1770,1501,25271,1089,1803,1544,25272,205,207,9332,1779,964,1522,25273,24672],"class_list":["post-47011","post","type-post","status-publish","format-standard","has-post-thumbnail","hentry","category-gerais","tag-barra-longa","tag-carangola","tag-crianca-arrastada-por-correnteza-e-a-segunda-vitima-do-periodo-chuvoso-20142015-em-minas","tag-franciscopolis","tag-icarai-de-minas","tag-itajuba","tag-ivan-kenedy-teixeira-de-jesus","tag-januaria","tag-lavras","tag-rio-piracicaba","tag-sabara","tag-santo-antonio-do-monte","tag-sao-francisco","tag-sao-jose-das-rosas","tag-william-carvalho"],"_links":{"self":[{"href":"https:\/\/aconteceunovale.com.br\/portal\/index.php?rest_route=\/wp\/v2\/posts\/47011","targetHints":{"allow":["GET"]}}],"collection":[{"href":"https:\/\/aconteceunovale.com.br\/portal\/index.php?rest_route=\/wp\/v2\/posts"}],"about":[{"href":"https:\/\/aconteceunovale.com.br\/portal\/index.php?rest_route=\/wp\/v2\/types\/post"}],"author":[{"embeddable":true,"href":"https:\/\/aconteceunovale.com.br\/portal\/index.php?rest_route=\/wp\/v2\/users\/1"}],"replies":[{"embeddable":true,"href":"https:\/\/aconteceunovale.com.br\/portal\/index.php?rest_route=%2Fwp%2Fv2%2Fcomments&post=47011"}],"version-history":[{"count":0,"href":"https:\/\/aconteceunovale.com.br\/portal\/index.php?rest_route=\/wp\/v2\/posts\/47011\/revisions"}],"wp:featuredmedia":[{"embeddable":true,"href":"https:\/\/aconteceunovale.com.br\/portal\/index.php?rest_route=\/wp\/v2\/media\/47012"}],"wp:attachment":[{"href":"https:\/\/aconteceunovale.com.br\/portal\/index.php?rest_route=%2Fwp%2Fv2%2Fmedia&parent=47011"}],"wp:term":[{"taxonomy":"category","embeddable":true,"href":"https:\/\/aconteceunovale.com.br\/portal\/index.php?rest_route=%2Fwp%2Fv2%2Fcategories&post=47011"},{"taxonomy":"post_tag","embeddable":true,"href":"https:\/\/aconteceunovale.com.br\/portal\/index.php?rest_route=%2Fwp%2Fv2%2Ftags&post=47011"}],"curies":[{"name":"wp","href":"https:\/\/api.w.org\/{rel}","templated":true}]}}