{"id":47002,"date":"2014-12-02T13:07:02","date_gmt":"2014-12-02T16:07:02","guid":{"rendered":"http:\/\/aconteceunovale.com.br\/portal\/?p=47002"},"modified":"2014-12-02T13:07:02","modified_gmt":"2014-12-02T16:07:02","slug":"inscricoes-para-o-cadastro-de-designacao-da-secretaria-de-educacao-terminam-esta-semana","status":"publish","type":"post","link":"https:\/\/aconteceunovale.com.br\/portal\/?p=47002","title":{"rendered":"Inscri\u00e7\u00f5es para o cadastro de designa\u00e7\u00e3o da Secretaria de Educa\u00e7\u00e3o terminam esta semana"},"content":{"rendered":"<h4><strong><em>Interessados em concorrer \u00e0s vagas para o ano que vem devem se inscrever pelo site at\u00e9 a pr\u00f3xima quinta-feira (04\/12)<\/em><\/strong><\/h4>\n<p>Os profissionais que desejam integrar o cadastro de candidatos \u00e0 designa\u00e7\u00e3o da\u00a0<a href=\"http:\/\/www.educacao.mg.gov.br\/\" target=\"_blank\">Secretaria de Estado de Educa\u00e7\u00e3o (SEE)<\/a>\u00a0devem ficar atentos. O prazo para as inscri\u00e7\u00f5es dos interessados no cadastro termina na pr\u00f3xima quinta-feira (04\/12). A inscri\u00e7\u00e3o \u00e9 voltada para todo profissional, nos termos da Resolu\u00e7\u00e3o SEE n\u00ba2.686\/2014, que deseja concorrer a uma vaga de designa\u00e7\u00e3o para o exerc\u00edcio na rede estadual de ensino em 2015.<\/p>\n<p>Para se inscrever, o interessado deve acessar o site\u00a0<a href=\"http:\/\/www.designaeducacao.mg.gov.br\/\" target=\"_blank\">www.designaeducacao.mg.gov.br<\/a>\u00a0e informar dados como CPF, data de nascimento, nome completo, telefone, e-mail e criar uma senha de acesso ao site da inscri\u00e7\u00e3o. Ap\u00f3s este procedimento, o candidato dever\u00e1 efetuar sua inscri\u00e7\u00e3o.<\/p>\n<p>A designa\u00e7\u00e3o \u00e9 a forma de preenchimento de cargo de forma tempor\u00e1ria para assegurar o funcionamento das escolas estaduais, conforme prev\u00ea o artigo 10 da Lei 10254\/1990. Quando uma professora efetiva tira uma licen\u00e7a maternidade em uma escola estadual, por exemplo, ela \u00e9 substitu\u00edda por um professor designado durante o per\u00edodo da licen\u00e7a. A inscri\u00e7\u00e3o no cadastro \u00e9 essencial, pois garante prioridade aos candidatos que concorrer\u00e3o \u00e0s vagas de designa\u00e7\u00e3o no ano que vem. O concursado que ainda n\u00e3o foi nomeado ter\u00e1 prioridade se quiser concorrer a uma vaga de designa\u00e7\u00e3o. Em seguida, a prioridade \u00e9 do candidato inscrito no cadastro.<\/p>\n<p>Os crit\u00e9rios e procedimentos para inscri\u00e7\u00e3o constam na Resolu\u00e7\u00e3o SEE n\u00ba 2.686, de 03 de outubro de 2014, que foi republicada no Di\u00e1rio Oficial dos Poderes do Estado no dia 08 de novembro.<\/p>\n<h4><strong>Inscri\u00e7\u00f5es<\/strong><\/h4>\n<p>A inscri\u00e7\u00e3o pela internet vai at\u00e9 a pr\u00f3xima quinta-feira (04\/12). Ela tamb\u00e9m poder\u00e1 ser feita nas pr\u00f3prias unidades escolares no mesmo per\u00edodo, at\u00e9 as 17h do dia 04, no caso de cargos para os quais n\u00e3o haver\u00e1 inscri\u00e7\u00e3o pela Internet.<\/p>\n<p>Os cargos oferecidos para a fun\u00e7\u00e3o p\u00fablica na rede estadual de ensino s\u00e3o Analista Educacional \/ Inspetor Escolar, Analista de Educa\u00e7\u00e3o B\u00e1sica (Assistente Social, Fisioterapeuta, Fonoaudi\u00f3logo, Psic\u00f3logo ou Terapeuta Ocupacional), Assistente T\u00e9cnico de Educa\u00e7\u00e3o B\u00e1sica (Auxiliar de Secretaria, Agente Educacional, Auxiliar da \u00c1rea Financeira), Auxiliar de Servi\u00e7os de Educa\u00e7\u00e3o B\u00e1sica, Especialistas em Educa\u00e7\u00e3o B\u00e1sica (orientador Educacional ou Supervisor Pedag\u00f3gico) e professor de Educa\u00e7\u00e3o B\u00e1sica.<\/p>\n<p>Os interessados em se inscrever para atuarem nos Centros de Apoio Pedag\u00f3gico a Pessoas com Defici\u00eancia Visual (CAP), Centros de Capacita\u00e7\u00e3o de Profissionais de Educa\u00e7\u00e3o e Atendimento a Pessoas com Surdez (CAS) e n\u00facleos de capacita\u00e7\u00e3o na \u00e1rea de Educa\u00e7\u00e3o especial dever\u00e3o se inscrever nas pr\u00f3prias unidades, no mesmo per\u00edodo e hor\u00e1rio.<\/p>\n<p>O mesmo vale para os candidatos que desejam atuar como professores nos Conservat\u00f3rios Estaduais de M\u00fasica, professores para atua\u00e7\u00e3o em componentes curriculares, t\u00e9cnicos profissionalizantes, em escolas com autoriza\u00e7\u00e3o para a oferta de educa\u00e7\u00e3o profissional, e servidores para atua\u00e7\u00e3o em projetos autorizados para escolas espec\u00edficas, pela SEE, nos componentes curriculares em que n\u00e3o haver\u00e1 inscri\u00e7\u00e3o via internet.<\/p>\n<p><strong><em>(Ag\u00eancia Minas)<\/em><\/strong><\/p>\n","protected":false},"excerpt":{"rendered":"<p>Interessados em concorrer \u00e0s vagas para o ano que vem devem se inscrever pelo site at\u00e9 a pr\u00f3xima quinta-feira (04\/12) Os profissionais que desejam integrar o cadastro de candidatos \u00e0 designa\u00e7\u00e3o da\u00a0Secretaria de Estado de Educa\u00e7\u00e3o (SEE)\u00a0devem ficar atentos. O prazo para as inscri\u00e7\u00f5es dos interessados no cadastro termina na pr\u00f3xima quinta-feira (04\/12). A inscri\u00e7\u00e3o [&hellip;]<\/p>\n","protected":false},"author":1,"featured_media":14573,"comment_status":"open","ping_status":"closed","sticky":false,"template":"","format":"standard","meta":{"amp_status":"","footnotes":""},"categories":[123],"tags":[25257,25258,25256],"class_list":["post-47002","post","type-post","status-publish","format-standard","has-post-thumbnail","hentry","category-gerais","tag-designacao-da-secretaria-de-educacao","tag-designacao-da-secretaria-de-educacao-de-minas-gerais","tag-inscricoes-para-o-cadastro-de-designacao-da-secretaria-de-educacao-terminam-esta-semana"],"_links":{"self":[{"href":"https:\/\/aconteceunovale.com.br\/portal\/index.php?rest_route=\/wp\/v2\/posts\/47002","targetHints":{"allow":["GET"]}}],"collection":[{"href":"https:\/\/aconteceunovale.com.br\/portal\/index.php?rest_route=\/wp\/v2\/posts"}],"about":[{"href":"https:\/\/aconteceunovale.com.br\/portal\/index.php?rest_route=\/wp\/v2\/types\/post"}],"author":[{"embeddable":true,"href":"https:\/\/aconteceunovale.com.br\/portal\/index.php?rest_route=\/wp\/v2\/users\/1"}],"replies":[{"embeddable":true,"href":"https:\/\/aconteceunovale.com.br\/portal\/index.php?rest_route=%2Fwp%2Fv2%2Fcomments&post=47002"}],"version-history":[{"count":0,"href":"https:\/\/aconteceunovale.com.br\/portal\/index.php?rest_route=\/wp\/v2\/posts\/47002\/revisions"}],"wp:featuredmedia":[{"embeddable":true,"href":"https:\/\/aconteceunovale.com.br\/portal\/index.php?rest_route=\/wp\/v2\/media\/14573"}],"wp:attachment":[{"href":"https:\/\/aconteceunovale.com.br\/portal\/index.php?rest_route=%2Fwp%2Fv2%2Fmedia&parent=47002"}],"wp:term":[{"taxonomy":"category","embeddable":true,"href":"https:\/\/aconteceunovale.com.br\/portal\/index.php?rest_route=%2Fwp%2Fv2%2Fcategories&post=47002"},{"taxonomy":"post_tag","embeddable":true,"href":"https:\/\/aconteceunovale.com.br\/portal\/index.php?rest_route=%2Fwp%2Fv2%2Ftags&post=47002"}],"curies":[{"name":"wp","href":"https:\/\/api.w.org\/{rel}","templated":true}]}}