{"id":46990,"date":"2014-12-02T08:36:37","date_gmt":"2014-12-02T11:36:37","guid":{"rendered":"http:\/\/aconteceunovale.com.br\/portal\/?p=46990"},"modified":"2014-12-02T08:55:13","modified_gmt":"2014-12-02T11:55:13","slug":"ufmg-promove-forum-sobre-patrimonio-grafico-em-diamantina","status":"publish","type":"post","link":"https:\/\/aconteceunovale.com.br\/portal\/?p=46990","title":{"rendered":"UFMG promove f\u00f3rum sobre patrim\u00f4nio gr\u00e1fico em Diamantina"},"content":{"rendered":"<p>O Museu Vivo Mem\u00f3ria Gr\u00e1fica, da UFMG, e a Associa\u00e7\u00e3o do P\u00e3o de Santo Ant\u00f4nio v\u00e3o promover, nos dias 10 e 11 de dezembro, em Diamantina, o F\u00f3rum Patrim\u00f4nio Gr\u00e1fico em Movimento.<\/p>\n<p>Al\u00e9m de apresentar o trabalho de conserva\u00e7\u00e3o, restaura\u00e7\u00e3o e educa\u00e7\u00e3o patrimonial desenvolvido no \u00e2mbito do Projeto Mem\u00f3ria do P\u00e3o de Santo Ant\u00f4nio \u2013 que divulga pr\u00e1ticas jornal\u00edsticas e tipogr\u00e1ficas vinculadas aos jornais P\u00e3o de Santo Ant\u00f4nio e Voz de Diamantina \u2013, o F\u00f3rum tem o objetivo de colaborar para a afirma\u00e7\u00e3o da no\u00e7\u00e3o de patrim\u00f4nio gr\u00e1fico, refletindo sobre aspectos materiais, t\u00e9cnicos, socioprofissionais e simb\u00f3licos que comp\u00f5em o universo da produ\u00e7\u00e3o tipogr\u00e1fica brasileira e latino-americana. O evento contar\u00e1 com a presen\u00e7a de especialistas das \u00e1reas de hist\u00f3ria da imprensa e do livro, de edi\u00e7\u00e3o, de patrim\u00f4nio e de conserva\u00e7\u00e3o-restaura\u00e7\u00e3o.<\/p>\n<p><img decoding=\"async\" src=\"http:\/\/aconteceunovale.com.br\/portal\/wp-content\/uploads\/2014\/12\/exposicao_dtna_grafica.jpg\" alt=\"\" \/><em>Mec\u00e2nico gr\u00e1fico Geraldo Morais e impressora do s\u00e9culo 19 &#8211; Foto: Acervo do projeto<\/em><br \/>\n<\/br><\/p>\n<p>Desde 2013, as atividades do projeto formaram duas categorias de acervo: uma documental, constitu\u00edda pelos exemplares dos dois jornais, impressos em tipografia de 1906 a 1990, e outra museol\u00f3gica, constitu\u00edda pelo mobili\u00e1rio e equipamentos que compunham a antiga tipografia.<\/p>\n<p>Os dois acervos se situam em espa\u00e7o de mem\u00f3ria que, no passado, foi o palco de realiza\u00e7\u00e3o da produ\u00e7\u00e3o das publica\u00e7\u00f5es. Em breve, o espa\u00e7o ser\u00e1 objeto de novo projeto museol\u00f3gico: a reativa\u00e7\u00e3o da antiga tipografia ajudar\u00e1 a promover di\u00e1logo efetivo entre patrim\u00f4nio material e imaterial \u2013 m\u00e1quinas do passado, homens e mulheres do presente, t\u00e9cnicas em exerc\u00edcio.<\/p>\n<h4>Discurso e t\u00e9cnica<\/h4>\n<p>De acordo com os organizadores, o evento possibilitar\u00e1 \u201creflex\u00e3o mais aprofundada sobre a relev\u00e2ncia dos acervos locais para a compreens\u00e3o hist\u00f3rica, discursiva e t\u00e9cnica do patrim\u00f4nio gr\u00e1fico nacional, promovendo, tamb\u00e9m, discuss\u00e3o mais ampla sobre as rela\u00e7\u00f5es estabelecidas entre patrim\u00f4nio material e imaterial\u201d.<\/p>\n<p>Ser\u00e3o abordadas ainda quest\u00f5es relativas \u00e0 produ\u00e7\u00e3o e \u00e0 circula\u00e7\u00e3o de impressos ef\u00eameros, \u00e0 import\u00e2ncia da constitui\u00e7\u00e3o de cat\u00e1logos de amostras hist\u00f3ricas de fontes tipogr\u00e1ficas e \u00e0 perman\u00eancia dos modos de fabrica\u00e7\u00e3o do impresso pr\u00f3prios da tipografia (composi\u00e7\u00e3o com tipos m\u00f3veis, xilogravura, estereotipia etc.) no \u00e2mbito de uma l\u00f3gica de produ\u00e7\u00e3o liderada pelo offset e pela impress\u00e3o digital.<\/p>\n<p>Os participantes receber\u00e3o certificados. O F\u00f3rum reserva 15 vagas de hospedagem e transporte para estudantes da UFMG, por ordem de inscri\u00e7\u00e3o. Informa\u00e7\u00f5es e inscri\u00e7\u00f5es (gratuitas) devem ser feitas at\u00e9 5 de dezembro, pelo e-mail forumpatrimoniografico@gmail.com.<\/p>\n<p>Programa\u00e7\u00e3o:<br \/>\n<strong>10 de dezembro, quarta-feira<\/strong><br \/>\n10h \u00e0s 12h30 \u2013 Associa\u00e7\u00e3o do P\u00e3o de Santo Ant\u00f4nio<br \/>\nAbertura<br \/>\nCaf\u00e9 com os tip\u00f3grafos. Na ocasi\u00e3o, a m\u00e1quina impressora do jornal ser\u00e1 colocada em funcionamento.<br \/>\nApresenta\u00e7\u00e3o do trabalho de restaura\u00e7\u00e3o dos acervos.<\/p>\n<p>14h \u00e0s 17h \u2013 Teatro Santa Isabel<br \/>\n1\u00aa Sess\u00e3o (Hist\u00f3rias)<br \/>\nCoordena\u00e7\u00e3o: S\u00f4nia Queiroz, Faculdade de Letras da UFMG<br \/>\nTania Regina de Luca, Unesp\/Assis<br \/>\nA circula\u00e7\u00e3o de imagens no Rio de Janeiro de fins dos oitocentos, o caso da revista A Ilustra\u00e7\u00e3o<br \/>\nJames William Goodwin J\u00fanior, Cefet-MG<br \/>\nO jornal P\u00e3o de Santo Ant\u00f4nio e o papel da imprensa em Diamantina no in\u00edcio do s\u00e9culo 20<\/p>\n<p><strong>11 de dezembro, quinta-feira<\/strong><br \/>\n9h \u00e0s 12h30 \u2013 Teatro Santa Isabel<br \/>\n2\u00aa Sess\u00e3o (Patrim\u00f4nios)<br \/>\nCoordena\u00e7\u00e3o: Ana Utsch, Escola de Belas-Artes\/UFMG (uma das coordenadoras do evento)<br \/>\nMarina Garone, Unam\/M\u00e9xico<br \/>\nDel patrimonio bibliogr\u00e1fico al patrimonio tipogr\u00e1fico: historia de los tipos de imprenta apartir de los espec\u00edmenes latinoamericanos (siglos XVIII\u2013XX)<\/p>\n<p>Bruno Guimar\u00e3es Martins, Fafich\/UFMG<br \/>\nDo typographo-editor ao leitor-tip\u00f3grafo: Paula Brito e a mec\u00e2nica da autonomia<br \/>\nYacy-Ara Froner, Escola de Belas-Artes\/UFMG<br \/>\nA mem\u00f3ria do gesto<\/p>\n<p>14h \u00e0s 18h \u2013 Teatro Santa Isabel<br \/>\n3\u00aa Sess\u00e3o [Processos]<br \/>\nA\u00e7\u00f5es de preserva\u00e7\u00e3o do projeto Mem\u00f3ria do P\u00e3o de Santo Ant\u00f4nio<br \/>\nAna Utsch \u2013 pesquisa e acompanhamento t\u00e9cnico-cient\u00edfico<br \/>\nJanes Mendes Pinto \u2013 conserva\u00e7\u00e3o-Restaura\u00e7\u00e3o<br \/>\nDin\u00e1 Marques Ara\u00fajo \u2013 digitaliza\u00e7\u00e3o\/ cataloga\u00e7\u00e3o<br \/>\nAline Ferreira \u2013 digitaliza\u00e7\u00e3o do acervo documental<br \/>\nDolores Belico \u2013 restaura\u00e7\u00e3o\/administra\u00e7\u00e3o<br \/>\nMaria Dulce Barbosa \u2013 produ\u00e7\u00e3o\/consultoria gr\u00e1fica<br \/>\nGeraldo Morais \u2013 restaura\u00e7\u00e3o de equipamento gr\u00e1fico<br \/>\nM\u00e1rcia Bet\u00e2nia Oliveira Horta \u2013 educa\u00e7\u00e3o patrimonial<br \/>\nFl\u00e1vio Vignoli \u2013 design\/tipografia<\/p>\n<p>Encerramento<br \/>\nPaulo C\u00e9lio de Almeida Hugo, prefeito de Diamantina<br \/>\nWalter Cardoso Fran\u00e7a Junior, secret\u00e1rio de Cultura, Turismo e Patrim\u00f4nio<br \/>\nJuventino Ribeiro Barbosa, Associa\u00e7\u00e3o do P\u00e3o de Santo Ant\u00f4nio<\/p>\n<p><em>(Fonte: Universidade Federal de Minas Gerais)<\/em><\/p>\n","protected":false},"excerpt":{"rendered":"<p>O Museu Vivo Mem\u00f3ria Gr\u00e1fica, da UFMG, e a Associa\u00e7\u00e3o do P\u00e3o de Santo Ant\u00f4nio v\u00e3o promover, nos dias 10 e 11 de dezembro, em Diamantina, o F\u00f3rum Patrim\u00f4nio Gr\u00e1fico em Movimento. Al\u00e9m de apresentar o trabalho de conserva\u00e7\u00e3o, restaura\u00e7\u00e3o e educa\u00e7\u00e3o patrimonial desenvolvido no \u00e2mbito do Projeto Mem\u00f3ria do P\u00e3o de Santo Ant\u00f4nio \u2013 [&hellip;]<\/p>\n","protected":false},"author":1,"featured_media":46992,"comment_status":"open","ping_status":"closed","sticky":false,"template":"","format":"standard","meta":{"amp_status":"","footnotes":""},"categories":[120],"tags":[25235,198,25236,25239,25240,25241,25234,25238,25237,874,25233],"class_list":["post-46990","post","type-post","status-publish","format-standard","has-post-thumbnail","hentry","category-jequi","tag-associacao-do-pao-de-santo-antonio","tag-diamantina","tag-forum-patrimonio-grafico-em-movimento","tag-jornal-pao-de-santo-antonio","tag-jornal-voz-de-diamantina","tag-mecanico-grafico-geraldo-morais","tag-museu-vivo-memoria-grafica","tag-pao-de-santo-antonio","tag-projeto-memoria-do-pao-de-santo-antonio","tag-ufmg","tag-ufmg-promove-forum-sobre-patrimonio-grafico-em-diamantina"],"_links":{"self":[{"href":"https:\/\/aconteceunovale.com.br\/portal\/index.php?rest_route=\/wp\/v2\/posts\/46990","targetHints":{"allow":["GET"]}}],"collection":[{"href":"https:\/\/aconteceunovale.com.br\/portal\/index.php?rest_route=\/wp\/v2\/posts"}],"about":[{"href":"https:\/\/aconteceunovale.com.br\/portal\/index.php?rest_route=\/wp\/v2\/types\/post"}],"author":[{"embeddable":true,"href":"https:\/\/aconteceunovale.com.br\/portal\/index.php?rest_route=\/wp\/v2\/users\/1"}],"replies":[{"embeddable":true,"href":"https:\/\/aconteceunovale.com.br\/portal\/index.php?rest_route=%2Fwp%2Fv2%2Fcomments&post=46990"}],"version-history":[{"count":0,"href":"https:\/\/aconteceunovale.com.br\/portal\/index.php?rest_route=\/wp\/v2\/posts\/46990\/revisions"}],"wp:featuredmedia":[{"embeddable":true,"href":"https:\/\/aconteceunovale.com.br\/portal\/index.php?rest_route=\/wp\/v2\/media\/46992"}],"wp:attachment":[{"href":"https:\/\/aconteceunovale.com.br\/portal\/index.php?rest_route=%2Fwp%2Fv2%2Fmedia&parent=46990"}],"wp:term":[{"taxonomy":"category","embeddable":true,"href":"https:\/\/aconteceunovale.com.br\/portal\/index.php?rest_route=%2Fwp%2Fv2%2Fcategories&post=46990"},{"taxonomy":"post_tag","embeddable":true,"href":"https:\/\/aconteceunovale.com.br\/portal\/index.php?rest_route=%2Fwp%2Fv2%2Ftags&post=46990"}],"curies":[{"name":"wp","href":"https:\/\/api.w.org\/{rel}","templated":true}]}}