{"id":46975,"date":"2014-12-02T08:25:40","date_gmt":"2014-12-02T11:25:40","guid":{"rendered":"http:\/\/aconteceunovale.com.br\/portal\/?p=46975"},"modified":"2014-12-02T08:25:40","modified_gmt":"2014-12-02T11:25:40","slug":"ministerio-publico-itinerante-encerra-2014-recebendo-homenagem-em-pote","status":"publish","type":"post","link":"https:\/\/aconteceunovale.com.br\/portal\/?p=46975","title":{"rendered":"Minist\u00e9rio P\u00fablico Itinerante encerra 2014 recebendo homenagem em Pot\u00e9"},"content":{"rendered":"<p>Em 2014, ap\u00f3s levar a\u00e7\u00f5es sociais e atendimento a 29 munic\u00edpios mineiros, a maioria com baixo \u00cdndice de Desenvolvimento Humano (IDH), o MP Itinerante encerrou o trabalho deste ano recebendo homenagem em Pot\u00e9, cidade do Vale do Mucuri. A Orquestra Jovem da cidade realizou concerto na pra\u00e7a central do munic\u00edpio em agradecimento \u00e0 iniciativa do Minist\u00e9rio P\u00fablico de Minas Gerais (MPMG), que \u00e9 organizada pela Coordenadoria de Inclus\u00e3o e Mobiliza\u00e7\u00e3o Sociais (Cimos). O MP Itinerante \u00e9 desenvolvido desde 2010, em parceria com as pol\u00edcias Civil e Militar, Previd\u00eancia Social, Sindicato dos Oficiais de Registro Civil (Recivil), prefeituras, faculdades e projeto Ita\u00fa Social.<\/p>\n<p>Estudantes que integram a orquestra tamb\u00e9m recitaram poemas e trechos de textos filos\u00f3ficos para saudar os integrantes do MPMG que estavam no local, levando servi\u00e7os e orienta\u00e7\u00f5es \u00e0 comunidade e desenvolvendo trabalhos de aproxima\u00e7\u00e3o da institui\u00e7\u00e3o com os moradores do munic\u00edpio. Lugares como a pra\u00e7a central, a escola do munic\u00edpio e alguns im\u00f3veis p\u00fablicos da cidade estiveram lotados o dia todo. Nesses locais, foram realizadas palestras sobre meio ambiente, Direito do Consumidor e atua\u00e7\u00e3o do MPMG. Tamb\u00e9m foram oferecidos servi\u00e7os jur\u00eddicos, emiss\u00e3o de documentos e exames de sa\u00fade, al\u00e9m da doa\u00e7\u00e3o de livros e da apresenta\u00e7\u00e3o de pe\u00e7as teatrais e de manifesta\u00e7\u00f5es culturais.<\/p>\n<p>Em Pot\u00e9, o Recivil realizou 145 atendimentos, entre emiss\u00e3o e retifica\u00e7\u00e3o de certid\u00f5es de nascimento, casamento e \u00f3bito e tamb\u00e9m reconhecimento de paternidade. O MPMG realizou 93 atendimentos. A coordenadora da Cimos Vale do Mucuri, Nelma Matos Silva, passou o dia atendendo e prestando orienta\u00e7\u00f5es a comunidade. O servidor da Cimos Cezar Moreno se reuniu com integrantes de povos e comunidades tradicionais e da prefeitura do munic\u00edpio para que seja feito um levantamento desses grupos e, em seguida, o reconhecimento de seus direitos. O MP Itinerante doou ainda 100 livros para a biblioteca escolar do munic\u00edpio.<\/p>\n<p>Al\u00e9m disso, foram feitos 71 alistamentos para a emiss\u00e3o de documento de identidade, 213 para t\u00edtulo de eleitor, 72 para carteira de trabalho e 63 para CPF. Foram doadas ainda 600 mudas frut\u00edferas e nativas e a Pol\u00edcia de Meio Ambiente orientou o p\u00fablico sobre a defesa da fauna. A Secretaria de Sa\u00fade de Pot\u00e9 realizou exames de glicose, press\u00e3o e deu orienta\u00e7\u00f5es sobre o combate a dengue e a outras doen\u00e7as. A popula\u00e7\u00e3o apresentou artesanato local e estudantes apresentaram pe\u00e7as teatrais sobre drogas, alcoolismo, prostitui\u00e7\u00e3o, gravidez na adolesc\u00eancia e diversidade de g\u00eanero.<\/p>\n<p>Segundo o coordenador da Cimos, promotor de Justi\u00e7a Paulo C\u00e9sar Vicente de Lima, em 2015 o MP Itinerante vai continuar atuando nos munic\u00edpios de baixo IDH, buscando aproximar o MPMG das comunidades desses locais. \u201cNo ano que vem vamos atualizar as estruturas de atendimento e aperfei\u00e7oar as estrat\u00e9gias de mobiliza\u00e7\u00e3o e comunica\u00e7\u00e3o para que um n\u00famero maior de cidad\u00e3os possa ser atendido pelo Minist\u00e9rio P\u00fablico e seus parceiros\u201d, afirmou.<\/p>\n<p><img decoding=\"async\" src=\"http:\/\/aconteceunovale.com.br\/portal\/wp-content\/uploads\/2014\/12\/mp_itinerante_pote_11.jpg\" alt=\"\" \/><img decoding=\"async\" src=\"http:\/\/aconteceunovale.com.br\/portal\/wp-content\/uploads\/2014\/12\/mp_itinerante_pote_1.jpg\" alt=\"\" \/><img decoding=\"async\" src=\"http:\/\/aconteceunovale.com.br\/portal\/wp-content\/uploads\/2014\/12\/mp_itinerante_pote_2.jpg\" alt=\"\" \/><img decoding=\"async\" src=\"http:\/\/aconteceunovale.com.br\/portal\/wp-content\/uploads\/2014\/12\/mp_itinerante_pote_3.jpg\" alt=\"\" \/><img decoding=\"async\" src=\"http:\/\/aconteceunovale.com.br\/portal\/wp-content\/uploads\/2014\/12\/mp_itinerante_pote_4.jpg\" alt=\"\" \/><img decoding=\"async\" src=\"http:\/\/aconteceunovale.com.br\/portal\/wp-content\/uploads\/2014\/12\/mp_itinerante_pote_5.jpg\" alt=\"\" \/><img decoding=\"async\" src=\"http:\/\/aconteceunovale.com.br\/portal\/wp-content\/uploads\/2014\/12\/mp_itinerante_pote_6.jpg\" alt=\"\" \/><img decoding=\"async\" src=\"http:\/\/aconteceunovale.com.br\/portal\/wp-content\/uploads\/2014\/12\/mp_itinerante_pote_7.jpg\" alt=\"\" \/><img decoding=\"async\" src=\"http:\/\/aconteceunovale.com.br\/portal\/wp-content\/uploads\/2014\/12\/mp_itinerante_pote_8.jpg\" alt=\"\" \/><img decoding=\"async\" src=\"http:\/\/aconteceunovale.com.br\/portal\/wp-content\/uploads\/2014\/12\/mp_itinerante_pote_9.jpg\" alt=\"\" \/><img decoding=\"async\" src=\"http:\/\/aconteceunovale.com.br\/portal\/wp-content\/uploads\/2014\/12\/mp_itinerante_pote_10.jpg\" alt=\"\" \/><strong><em>(Fonte e fotos: Minist\u00e9rio P\u00fablico de Minas Gerais)<\/em><\/strong><\/p>\n","protected":false},"excerpt":{"rendered":"<p>Em 2014, ap\u00f3s levar a\u00e7\u00f5es sociais e atendimento a 29 munic\u00edpios mineiros, a maioria com baixo \u00cdndice de Desenvolvimento Humano (IDH), o MP Itinerante encerrou o trabalho deste ano recebendo homenagem em Pot\u00e9, cidade do Vale do Mucuri. A Orquestra Jovem da cidade realizou concerto na pra\u00e7a central do munic\u00edpio em agradecimento \u00e0 iniciativa do [&hellip;]<\/p>\n","protected":false},"author":1,"featured_media":46986,"comment_status":"open","ping_status":"closed","sticky":false,"template":"","format":"standard","meta":{"amp_status":"","footnotes":""},"categories":[122],"tags":[15352,25232,25231,3139],"class_list":["post-46975","post","type-post","status-publish","format-standard","has-post-thumbnail","hentry","category-mucuri","tag-ministerio-publico-itinerante","tag-ministerio-publico-itinerante-em-pote","tag-ministerio-publico-itinerante-encerra-2014-recebendo-homenagem-em-pote","tag-pote"],"_links":{"self":[{"href":"https:\/\/aconteceunovale.com.br\/portal\/index.php?rest_route=\/wp\/v2\/posts\/46975","targetHints":{"allow":["GET"]}}],"collection":[{"href":"https:\/\/aconteceunovale.com.br\/portal\/index.php?rest_route=\/wp\/v2\/posts"}],"about":[{"href":"https:\/\/aconteceunovale.com.br\/portal\/index.php?rest_route=\/wp\/v2\/types\/post"}],"author":[{"embeddable":true,"href":"https:\/\/aconteceunovale.com.br\/portal\/index.php?rest_route=\/wp\/v2\/users\/1"}],"replies":[{"embeddable":true,"href":"https:\/\/aconteceunovale.com.br\/portal\/index.php?rest_route=%2Fwp%2Fv2%2Fcomments&post=46975"}],"version-history":[{"count":0,"href":"https:\/\/aconteceunovale.com.br\/portal\/index.php?rest_route=\/wp\/v2\/posts\/46975\/revisions"}],"wp:featuredmedia":[{"embeddable":true,"href":"https:\/\/aconteceunovale.com.br\/portal\/index.php?rest_route=\/wp\/v2\/media\/46986"}],"wp:attachment":[{"href":"https:\/\/aconteceunovale.com.br\/portal\/index.php?rest_route=%2Fwp%2Fv2%2Fmedia&parent=46975"}],"wp:term":[{"taxonomy":"category","embeddable":true,"href":"https:\/\/aconteceunovale.com.br\/portal\/index.php?rest_route=%2Fwp%2Fv2%2Fcategories&post=46975"},{"taxonomy":"post_tag","embeddable":true,"href":"https:\/\/aconteceunovale.com.br\/portal\/index.php?rest_route=%2Fwp%2Fv2%2Ftags&post=46975"}],"curies":[{"name":"wp","href":"https:\/\/api.w.org\/{rel}","templated":true}]}}