{"id":46969,"date":"2014-12-02T07:53:24","date_gmt":"2014-12-02T10:53:24","guid":{"rendered":"http:\/\/aconteceunovale.com.br\/portal\/?p=46969"},"modified":"2014-12-02T07:53:24","modified_gmt":"2014-12-02T10:53:24","slug":"cemig-investe-23-milhoes-em-subestacoes-no-leste-de-minas","status":"publish","type":"post","link":"https:\/\/aconteceunovale.com.br\/portal\/?p=46969","title":{"rendered":"Cemig investe 23 milh\u00f5es em Subesta\u00e7\u00f5es no Leste de Minas"},"content":{"rendered":"<p>Certa de que a energia el\u00e9trica \u00e9 fundamental para o bem-estar da popula\u00e7\u00e3o e desenvolvimento das cidades, a Companhia Energ\u00e9tica de Minas Gerais (Cemig) informa que est\u00e1 investindo 23 milh\u00f5es em obras de amplia\u00e7\u00e3o e moderniza\u00e7\u00e3o das Subesta\u00e7\u00f5es (SE) de Mantena e Central de Minas.<\/p>\n<p>As SEs receberam novos transformadores, que s\u00e3o o principal equipamento de uma subesta\u00e7\u00e3o, respons\u00e1vel pelo rebaixamento de tens\u00e3o da energia que chega a cidade pelo linh\u00e3o para que a energia seja distribu\u00edda aos consumidores da rede urbana. Foram instalados ainda um novo Sistema de Supervis\u00e3o de Controle e Prote\u00e7\u00e3o Digital ainda mais moderno.<\/p>\n<p>Para realizar uma etapa dessa obra com toda seguran\u00e7a, ser\u00e1 necess\u00e1rio interromper o fornecimento de energia no pr\u00f3ximo domingo (07\/12), de 7h \u00e0s 12h nas cidades de: Mantena, S\u00e3o Jo\u00e3o do Manteninha e Nova Bel\u00e9m. No mesmo dia, os munic\u00edpios de Central de Minas, Divino das Laranjeiras, S\u00e3o Felix de Minas, Itabirinha, Mendes Pimentel e o distrito de Tipiti, que pertence a Atal\u00e9ia, ser\u00e3o desligados de 7h30min \u00e0s 11h.<\/p>\n<p>S\u00f3 neste dia, cerca de 50 empregados e colaboradores da Cemig estar\u00e3o trabalhando nesse servi\u00e7o que vai aumentar a confiabilidade do sistema el\u00e9trico e garantir o atendimento \u00e0s novas demandas de energia da regi\u00e3o.<\/p>\n<p>Esclarecemos que, em fun\u00e7\u00e3o da complexidade dos servi\u00e7os a serem executados, poder\u00e1 ocorrer atraso no hor\u00e1rio previsto ou cancelamento deste servi\u00e7o sem aviso pr\u00e9vio. Por medida de seguran\u00e7a, todos os equipamentos devem ser considerados energizados durante o per\u00edodo mencionado. Caso os servi\u00e7os de melhoria sejam conclu\u00eddos antes do hor\u00e1rio indicado, o fornecimento de energia el\u00e9trica ser\u00e1 reestabelecido.<\/p>\n<p>Com previs\u00e3o para terminar em fevereiro, a reforma e amplia\u00e7\u00e3o da SE Mantena proporcionar\u00e1 um acr\u00e9scimo de 50% da pot\u00eancia instalada e a SE Central de Minas, prevista para ser conclu\u00edda ainda no m\u00eas de dezembro, ter\u00e1 um  aumento de 25%.<\/p>\n","protected":false},"excerpt":{"rendered":"<p>Certa de que a energia el\u00e9trica \u00e9 fundamental para o bem-estar da popula\u00e7\u00e3o e desenvolvimento das cidades, a Companhia Energ\u00e9tica de Minas Gerais (Cemig) informa que est\u00e1 investindo 23 milh\u00f5es em obras de amplia\u00e7\u00e3o e moderniza\u00e7\u00e3o das Subesta\u00e7\u00f5es (SE) de Mantena e Central de Minas. As SEs receberam novos transformadores, que s\u00e3o o principal equipamento [&hellip;]<\/p>\n","protected":false},"author":1,"featured_media":13401,"comment_status":"open","ping_status":"closed","sticky":false,"template":"","format":"standard","meta":{"amp_status":"","footnotes":""},"categories":[121],"tags":[183,347,25223,1671,18567,285,25224,2146,1672,1674],"class_list":["post-46969","post","type-post","status-publish","format-standard","has-post-thumbnail","hentry","category-leste","tag-ataleia","tag-cemig","tag-cemig-investe-23-milhoes-em-subestacoes-no-leste-de-minas","tag-central-de-minas","tag-companhia-energetica-de-minas-gerais","tag-divino-das-laranjeiras","tag-investimento-da-cemig-no-leste-de-minas","tag-itabirinha","tag-mendes-pimentel","tag-sao-felix-de-minas"],"_links":{"self":[{"href":"https:\/\/aconteceunovale.com.br\/portal\/index.php?rest_route=\/wp\/v2\/posts\/46969","targetHints":{"allow":["GET"]}}],"collection":[{"href":"https:\/\/aconteceunovale.com.br\/portal\/index.php?rest_route=\/wp\/v2\/posts"}],"about":[{"href":"https:\/\/aconteceunovale.com.br\/portal\/index.php?rest_route=\/wp\/v2\/types\/post"}],"author":[{"embeddable":true,"href":"https:\/\/aconteceunovale.com.br\/portal\/index.php?rest_route=\/wp\/v2\/users\/1"}],"replies":[{"embeddable":true,"href":"https:\/\/aconteceunovale.com.br\/portal\/index.php?rest_route=%2Fwp%2Fv2%2Fcomments&post=46969"}],"version-history":[{"count":0,"href":"https:\/\/aconteceunovale.com.br\/portal\/index.php?rest_route=\/wp\/v2\/posts\/46969\/revisions"}],"wp:featuredmedia":[{"embeddable":true,"href":"https:\/\/aconteceunovale.com.br\/portal\/index.php?rest_route=\/wp\/v2\/media\/13401"}],"wp:attachment":[{"href":"https:\/\/aconteceunovale.com.br\/portal\/index.php?rest_route=%2Fwp%2Fv2%2Fmedia&parent=46969"}],"wp:term":[{"taxonomy":"category","embeddable":true,"href":"https:\/\/aconteceunovale.com.br\/portal\/index.php?rest_route=%2Fwp%2Fv2%2Fcategories&post=46969"},{"taxonomy":"post_tag","embeddable":true,"href":"https:\/\/aconteceunovale.com.br\/portal\/index.php?rest_route=%2Fwp%2Fv2%2Ftags&post=46969"}],"curies":[{"name":"wp","href":"https:\/\/api.w.org\/{rel}","templated":true}]}}