{"id":46967,"date":"2014-12-02T07:47:27","date_gmt":"2014-12-02T10:47:27","guid":{"rendered":"http:\/\/aconteceunovale.com.br\/portal\/?p=46967"},"modified":"2014-12-02T07:47:27","modified_gmt":"2014-12-02T10:47:27","slug":"plantao-do-samu-no-norte-de-minas-gerais-01-de-dezembro-de-2014","status":"publish","type":"post","link":"https:\/\/aconteceunovale.com.br\/portal\/?p=46967","title":{"rendered":"Plant\u00e3o do Samu no Norte de Minas Gerais &#8211; 01 de dezembro de 2014"},"content":{"rendered":"<h4><em><strong>Segunda-feira, 01 de dezembro de 2014<\/strong><\/em><\/h4>\n<p>A unidade do SAMU de Montes Claros realizou nesta segunda-feira, 01\/12, 37 atendimentos, sendo 29 casos cl\u00ednicos; 01 por agress\u00e3o f\u00edsica e 7 em decorr\u00eancia de acidentes de tr\u00e2nsito.<\/p>\n<p>Por volta da meia-noite, uma mulher de 32 anos sofreu agress\u00e3o f\u00edsica no bairro Vilage do Lago, apresentando edema na regi\u00e3o dos olhos e na cabe\u00e7a.<\/p>\n<p>\u00c0s 21h34, um rapaz de 19 anos ficou ferido ap\u00f3s colidir de moto contra um carro na Avenida Geraldo Athayde, bairro Alto S\u00e3o Jo\u00e3o. Ele foi encontrado pelos socorristas ca\u00eddo ao solo, apresentando escoria\u00e7\u00f5es no joelho direito e se queixando de dor.<\/p>\n<p>Um homem de 33 anos ficou ferido na colis\u00e3o entre duas motos ocorrida por volta das 19h40, na Rua Cachoeirinha, bairro Jardim Palmeiras. Ele apresentava escoria\u00e7\u00f5es no bra\u00e7o esquerdo e no t\u00f3rax.<\/p>\n<p>\u00c0s 19h30, um homem de 20 anos ficou ferido ap\u00f3s colidir de moto contra um carro na Avenida dos Militares, bairro Santa Rita II, e apresentava escoria\u00e7\u00f5es nos bra\u00e7os e dor na perna direita.<\/p>\n<p>Uma mulher de 62 anos ficou ferida em uma colis\u00e3o entre carro e moto ocorrida por volta das 13 horas, na Avenida Leonel Beir\u00e3o de Jesus, bairro Dr. Jo\u00e3o Alves. Ela estava na garupa da moto e se queixava de dor nas costas.<\/p>\n<p>\u00c0s 11h15, uma mulher de 39 anos caiu de bicicleta na Rua Cora\u00e7\u00e3o de Jesus, bairro Chiquinho, e apresentava edema e dor na perna esquerda, com prov\u00e1vel fratura de t\u00edbia.<\/p>\n<p>\u00c0s 10h30, um homem de 21 anos ficou ferido ap\u00f3s colidir de moto contra um carro no bairro Alto S\u00e3o Jo\u00e3o e relata dor na coluna lombar e perda de consci\u00eancia no momento do acidente.<\/p>\n<p>Em todas as ocorr\u00eancias os feridos receberam os primeiros atendimentos no local e foram encaminhados ao hospital para avalia\u00e7\u00e3o.<\/p>\n","protected":false},"excerpt":{"rendered":"<p>Segunda-feira, 01 de dezembro de 2014 A unidade do SAMU de Montes Claros realizou nesta segunda-feira, 01\/12, 37 atendimentos, sendo 29 casos cl\u00ednicos; 01 por agress\u00e3o f\u00edsica e 7 em decorr\u00eancia de acidentes de tr\u00e2nsito. Por volta da meia-noite, uma mulher de 32 anos sofreu agress\u00e3o f\u00edsica no bairro Vilage do Lago, apresentando edema na [&hellip;]<\/p>\n","protected":false},"author":1,"featured_media":46383,"comment_status":"open","ping_status":"closed","sticky":false,"template":"","format":"standard","meta":{"amp_status":"","footnotes":""},"categories":[1236],"tags":[16673,18635,13996,25220,24659,18898,18108,25222,13731,18629,4040,25221],"class_list":["post-46967","post","type-post","status-publish","format-standard","has-post-thumbnail","hentry","category-norte_de_minas","tag-acidente-em-montes-claros","tag-acidentes-em-montes-claros","tag-atendimentos-do-samu-em-montes-claros","tag-homicidio-em-montes-claros","tag-plantao-do-samu-de-montes-claros","tag-plantao-do-samu-macro-norte","tag-plantao-do-samu-no-norte-de-minas-gerais","tag-plantao-do-samu-no-norte-de-minas-gerais-01-de-dezembro-de-2014","tag-samu","tag-samu-de-montes-claros","tag-samu-macro-norte","tag-tentativa-de-homicidio-em-montes-claros"],"_links":{"self":[{"href":"https:\/\/aconteceunovale.com.br\/portal\/index.php?rest_route=\/wp\/v2\/posts\/46967","targetHints":{"allow":["GET"]}}],"collection":[{"href":"https:\/\/aconteceunovale.com.br\/portal\/index.php?rest_route=\/wp\/v2\/posts"}],"about":[{"href":"https:\/\/aconteceunovale.com.br\/portal\/index.php?rest_route=\/wp\/v2\/types\/post"}],"author":[{"embeddable":true,"href":"https:\/\/aconteceunovale.com.br\/portal\/index.php?rest_route=\/wp\/v2\/users\/1"}],"replies":[{"embeddable":true,"href":"https:\/\/aconteceunovale.com.br\/portal\/index.php?rest_route=%2Fwp%2Fv2%2Fcomments&post=46967"}],"version-history":[{"count":0,"href":"https:\/\/aconteceunovale.com.br\/portal\/index.php?rest_route=\/wp\/v2\/posts\/46967\/revisions"}],"wp:featuredmedia":[{"embeddable":true,"href":"https:\/\/aconteceunovale.com.br\/portal\/index.php?rest_route=\/wp\/v2\/media\/46383"}],"wp:attachment":[{"href":"https:\/\/aconteceunovale.com.br\/portal\/index.php?rest_route=%2Fwp%2Fv2%2Fmedia&parent=46967"}],"wp:term":[{"taxonomy":"category","embeddable":true,"href":"https:\/\/aconteceunovale.com.br\/portal\/index.php?rest_route=%2Fwp%2Fv2%2Fcategories&post=46967"},{"taxonomy":"post_tag","embeddable":true,"href":"https:\/\/aconteceunovale.com.br\/portal\/index.php?rest_route=%2Fwp%2Fv2%2Ftags&post=46967"}],"curies":[{"name":"wp","href":"https:\/\/api.w.org\/{rel}","templated":true}]}}