{"id":46957,"date":"2014-12-01T22:10:27","date_gmt":"2014-12-02T01:10:27","guid":{"rendered":"http:\/\/aconteceunovale.com.br\/portal\/?p=46957"},"modified":"2014-12-01T22:10:27","modified_gmt":"2014-12-02T01:10:27","slug":"rolezinho-termina-com-dois-presos-e-quarenta-motos-apreendidas-em-montes-claros","status":"publish","type":"post","link":"https:\/\/aconteceunovale.com.br\/portal\/?p=46957","title":{"rendered":"\u2018Rolezinho\u2019 termina com dois presos e quarenta motos apreendidas em Montes Claros"},"content":{"rendered":"<h4><strong><em>Opera\u00e7\u00e3o da Pol\u00edcia Militar de Montes Claros s\u00f3 foi poss\u00edvel gra\u00e7as ao monitoramento de redes sociais. Motociclistas, conduziam seus ve\u00edculos sobre apenas uma roda, na contra m\u00e3o e obstru\u00edam via publica.<\/em><\/strong><\/h4>\n<p>Uma Opera\u00e7\u00e3o do 11\u00ba Regional da Pol\u00edcia Militar de Montes Claros apreendeu 40 motocicletas, efetuou duas pris\u00f5es e apreendeu um menor, na noite deste domingo (30).<\/p>\n<p>Segundo a Pol\u00edcia Militar (PM), objetivo da opera\u00e7\u00e3o, que s\u00f3 foi poss\u00edvel gra\u00e7as ao monitoramento de redes sociais, era coibir o desrespeito \u00e0s normas de tr\u00e2nsito, na Avenida dos Militares, no Bairro Nossa Senhora de F\u00e1tima.<\/p>\n<p>No evento, denominado &#8220;Rolezinho&#8221;, motociclistas, organizados em blocos, conduziam seus ve\u00edculos sobre apenas uma das rodas, na contra m\u00e3o de dire\u00e7\u00e3o e, em conjunto, obstru\u00edam a via p\u00fablica, perturbando moradores e usu\u00e1rios das vias.<\/p>\n<p><img decoding=\"async\" src=\"http:\/\/aconteceunovale.com.br\/portal\/wp-content\/uploads\/2014\/12\/apreensao_rolezinho_moc_1.jpg\" alt=\"\" \/><em>Duas pessoas foram presas e 40 motos apreendidas &#8211; Foto: P\u00e1gina Eventos Moc<\/em><br \/>\n<\/br><\/p>\n<p>Ainda segundo a PM, durante a opera\u00e7\u00e3o, os infratores n\u00e3o obedeceram as ordens para que parassem de desrespeitar as normas de tr\u00e2nsito e s\u00f3 foram impedidos de continuar com suas manobras e acrobacias ap\u00f3s o cerco dos militares.<\/p>\n<p>De acordo com os Militares, um homem, de 21 anos, numa tentativa de fuga, subiu no passeio e colidiu frontalmente com outra motocicleta causando diversos danos e lesionando um do policial militar. Ainda na tentativa de fuga, com diversas escoria\u00e7\u00f5es pelo corpo, o indiv\u00edduo foi perseguido e preso. Por apresentar resist\u00eancia, foi necess\u00e1rio o uso de for\u00e7a f\u00edsica e uso de algemas.<\/p>\n<p>Durante a abordagem foi constatado que o condutor infrator, que transitava com o capacete sem viseira e cal\u00e7ado inadequado, tamb\u00e9m \u00e9 inabilitado e n\u00e3o possu\u00eda documenta\u00e7\u00e3o do ve\u00edculo. A motocicleta, uma Honda Fan, foi apreendida.<\/p>\n<p>Um menor, de 17 anos, tamb\u00e9m foi apreendido. Segundo a PM, ele conduzia um dos ve\u00edculos e ao perceber o cerco policial tentou fugir pilotando a moto e amea\u00e7ando a vida de outras pessoas no local.<\/p>\n<p><img decoding=\"async\" src=\"http:\/\/aconteceunovale.com.br\/portal\/wp-content\/uploads\/2014\/12\/apreensao_rolezinho_moc_2.jpg\" alt=\"\" \/><em>Duas pessoas foram presas e 40 motos apreendidas &#8211; Foto: P\u00e1gina Eventos Moc<\/em><br \/>\n<\/br><\/p>\n<p><img decoding=\"async\" src=\"http:\/\/aconteceunovale.com.br\/portal\/wp-content\/uploads\/2014\/12\/apreensao_rolezinho_moc_3.jpg\" alt=\"\" \/><em>Duas pessoas foram presas e 40 motos apreendidas &#8211; Foto: P\u00e1gina Eventos Moc<\/em><br \/>\n<\/br><\/p>\n<p><img decoding=\"async\" src=\"http:\/\/aconteceunovale.com.br\/portal\/wp-content\/uploads\/2014\/12\/apreensao_rolezinho_moc_4.jpg\" alt=\"\" \/><em>Duas pessoas foram presas e 40 motos apreendidas &#8211; Foto: P\u00e1gina Eventos Moc<\/em><br \/>\n<\/br><\/p>\n<p><img decoding=\"async\" src=\"http:\/\/aconteceunovale.com.br\/portal\/wp-content\/uploads\/2014\/12\/apreensao_rolezinho_moc_5.jpg\" alt=\"\" \/><em>Duas pessoas foram presas e 40 motos apreendidas &#8211; Foto: P\u00e1gina Eventos Moc<\/em><br \/>\n<\/br><\/p>\n<p><strong><em>(O Tempo Online)<\/em><\/strong><\/p>\n","protected":false},"excerpt":{"rendered":"<p>Opera\u00e7\u00e3o da Pol\u00edcia Militar de Montes Claros s\u00f3 foi poss\u00edvel gra\u00e7as ao monitoramento de redes sociais. Motociclistas, conduziam seus ve\u00edculos sobre apenas uma roda, na contra m\u00e3o e obstru\u00edam via publica. Uma Opera\u00e7\u00e3o do 11\u00ba Regional da Pol\u00edcia Militar de Montes Claros apreendeu 40 motocicletas, efetuou duas pris\u00f5es e apreendeu um menor, na noite deste [&hellip;]<\/p>\n","protected":false},"author":1,"featured_media":46958,"comment_status":"open","ping_status":"closed","sticky":false,"template":"","format":"standard","meta":{"amp_status":"","footnotes":""},"categories":[121],"tags":[210,25216,25215],"class_list":["post-46957","post","type-post","status-publish","format-standard","has-post-thumbnail","hentry","category-leste","tag-montes-claros","tag-motos-apreendidas-em-montes-claros","tag-rolezinho-termina-com-dois-presos-e-quarenta-motos-apreendidas-em-montes-claros"],"_links":{"self":[{"href":"https:\/\/aconteceunovale.com.br\/portal\/index.php?rest_route=\/wp\/v2\/posts\/46957","targetHints":{"allow":["GET"]}}],"collection":[{"href":"https:\/\/aconteceunovale.com.br\/portal\/index.php?rest_route=\/wp\/v2\/posts"}],"about":[{"href":"https:\/\/aconteceunovale.com.br\/portal\/index.php?rest_route=\/wp\/v2\/types\/post"}],"author":[{"embeddable":true,"href":"https:\/\/aconteceunovale.com.br\/portal\/index.php?rest_route=\/wp\/v2\/users\/1"}],"replies":[{"embeddable":true,"href":"https:\/\/aconteceunovale.com.br\/portal\/index.php?rest_route=%2Fwp%2Fv2%2Fcomments&post=46957"}],"version-history":[{"count":0,"href":"https:\/\/aconteceunovale.com.br\/portal\/index.php?rest_route=\/wp\/v2\/posts\/46957\/revisions"}],"wp:featuredmedia":[{"embeddable":true,"href":"https:\/\/aconteceunovale.com.br\/portal\/index.php?rest_route=\/wp\/v2\/media\/46958"}],"wp:attachment":[{"href":"https:\/\/aconteceunovale.com.br\/portal\/index.php?rest_route=%2Fwp%2Fv2%2Fmedia&parent=46957"}],"wp:term":[{"taxonomy":"category","embeddable":true,"href":"https:\/\/aconteceunovale.com.br\/portal\/index.php?rest_route=%2Fwp%2Fv2%2Fcategories&post=46957"},{"taxonomy":"post_tag","embeddable":true,"href":"https:\/\/aconteceunovale.com.br\/portal\/index.php?rest_route=%2Fwp%2Fv2%2Ftags&post=46957"}],"curies":[{"name":"wp","href":"https:\/\/api.w.org\/{rel}","templated":true}]}}