{"id":46955,"date":"2014-12-01T21:58:47","date_gmt":"2014-12-02T00:58:47","guid":{"rendered":"http:\/\/aconteceunovale.com.br\/portal\/?p=46955"},"modified":"2014-12-01T21:58:47","modified_gmt":"2014-12-02T00:58:47","slug":"idoso-morre-ao-cair-com-carro-em-ribanceira-proximo-a-conceicao-do-mato-dentro","status":"publish","type":"post","link":"https:\/\/aconteceunovale.com.br\/portal\/?p=46955","title":{"rendered":"Idoso morre ao cair com carro em ribanceira pr\u00f3ximo a Concei\u00e7\u00e3o do Mato Dentro"},"content":{"rendered":"<h4><strong><em>Motorista de 61 anos perdeu o controle da dire\u00e7\u00e3o e caiu em ribanceira, no quil\u00f4metro 153 da MG-010.<\/em><\/strong><\/h4>\n<p>Um homem de 61 anos morreu em um acidente no final da tarde desta segunda-feira, 1\u00ba de dezembro, na altura do quil\u00f4metro 153 da MG-010, pr\u00f3ximo a Concei\u00e7\u00e3o do Mato Dentro, na regi\u00e3o Central do Estado de Minas Gerais.<\/p>\n<p>Segundo informa\u00e7\u00f5es da Pol\u00edcia Militar, o motorista perdeu o controle da dire\u00e7\u00e3o do Fiat Palio por volta das 17h30, caindo em uma ribanceira. Ricardo Ernani n\u00e3o resistiu aos ferimentos e morreu no local.<\/p>\n<p>A Pol\u00edcia Militar Rodovi\u00e1ria isolou o local e acionou a Per\u00edcia T\u00e9cnica da Pol\u00edcia Civil e reboque para remo\u00e7\u00e3o do ve\u00edculo. A v\u00edtima estava sozinha no momento do acidente.<\/p>\n","protected":false},"excerpt":{"rendered":"<p>Motorista de 61 anos perdeu o controle da dire\u00e7\u00e3o e caiu em ribanceira, no quil\u00f4metro 153 da MG-010. Um homem de 61 anos morreu em um acidente no final da tarde desta segunda-feira, 1\u00ba de dezembro, na altura do quil\u00f4metro 153 da MG-010, pr\u00f3ximo a Concei\u00e7\u00e3o do Mato Dentro, na regi\u00e3o Central do Estado de [&hellip;]<\/p>\n","protected":false},"author":1,"featured_media":32816,"comment_status":"open","ping_status":"closed","sticky":false,"template":"","format":"standard","meta":{"amp_status":"","footnotes":""},"categories":[123],"tags":[25213,25214,628,25211,25212],"class_list":["post-46955","post","type-post","status-publish","format-standard","has-post-thumbnail","hentry","category-gerais","tag-acidente-em-conceicao-do-mato-dentro","tag-acidente-proximo-a-conceicao-do-mato-dentro","tag-conceicao-do-mato-dentro","tag-idoso-morre-ao-cair-com-carro-em-ribanceira-proximo-a-conceicao-do-mato-dentro","tag-ricardo-ernani"],"_links":{"self":[{"href":"https:\/\/aconteceunovale.com.br\/portal\/index.php?rest_route=\/wp\/v2\/posts\/46955","targetHints":{"allow":["GET"]}}],"collection":[{"href":"https:\/\/aconteceunovale.com.br\/portal\/index.php?rest_route=\/wp\/v2\/posts"}],"about":[{"href":"https:\/\/aconteceunovale.com.br\/portal\/index.php?rest_route=\/wp\/v2\/types\/post"}],"author":[{"embeddable":true,"href":"https:\/\/aconteceunovale.com.br\/portal\/index.php?rest_route=\/wp\/v2\/users\/1"}],"replies":[{"embeddable":true,"href":"https:\/\/aconteceunovale.com.br\/portal\/index.php?rest_route=%2Fwp%2Fv2%2Fcomments&post=46955"}],"version-history":[{"count":0,"href":"https:\/\/aconteceunovale.com.br\/portal\/index.php?rest_route=\/wp\/v2\/posts\/46955\/revisions"}],"wp:featuredmedia":[{"embeddable":true,"href":"https:\/\/aconteceunovale.com.br\/portal\/index.php?rest_route=\/wp\/v2\/media\/32816"}],"wp:attachment":[{"href":"https:\/\/aconteceunovale.com.br\/portal\/index.php?rest_route=%2Fwp%2Fv2%2Fmedia&parent=46955"}],"wp:term":[{"taxonomy":"category","embeddable":true,"href":"https:\/\/aconteceunovale.com.br\/portal\/index.php?rest_route=%2Fwp%2Fv2%2Fcategories&post=46955"},{"taxonomy":"post_tag","embeddable":true,"href":"https:\/\/aconteceunovale.com.br\/portal\/index.php?rest_route=%2Fwp%2Fv2%2Ftags&post=46955"}],"curies":[{"name":"wp","href":"https:\/\/api.w.org\/{rel}","templated":true}]}}