{"id":46952,"date":"2014-12-01T21:43:24","date_gmt":"2014-12-02T00:43:24","guid":{"rendered":"http:\/\/aconteceunovale.com.br\/portal\/?p=46952"},"modified":"2014-12-01T21:43:24","modified_gmt":"2014-12-02T00:43:24","slug":"confusao-em-confraternizacao-de-empresa-alimenticia-termina-em-morte","status":"publish","type":"post","link":"https:\/\/aconteceunovale.com.br\/portal\/?p=46952","title":{"rendered":"Confus\u00e3o em confraterniza\u00e7\u00e3o de empresa aliment\u00edcia termina em morte"},"content":{"rendered":"<h4><strong><em>Um rapaz de 21 anos assassinou um colega de trabalho a facadas ap\u00f3s ser agredido dentro do vesti\u00e1rio da ind\u00fastria<\/em><\/strong><\/h4>\n<p>Um rapaz de 20 anos assassinou um colega de trabalho, na madrugada desta segunda-feira (1\u00ba), no interior do vesti\u00e1rio da f\u00e1brica em que trabalhavam, em Visconde do Rio Branco, na Zona da Mata, ap\u00f3s um desentendimento na festa de confraterniza\u00e7\u00e3o da empresa, ocorrida no \u00faltimo s\u00e1bado (29), no Parque de Exposi\u00e7\u00f5es da cidade.<\/p>\n<p>Conforme a Pol\u00edcia Militar (PM), o caso foi registrado por volta das 4h30 no interior da ind\u00fastria aliment\u00edcia. O suspeito alega que foi agredido pela v\u00edtima, de 25 anos, dentro do vesti\u00e1rio e em seguida pegou uma faca e desferiu alguns golpes contra o homem, que acabou n\u00e3o resistindo aos ferimentos e morreu no local.<\/p>\n<p>O suspeito foi preso em flagrante ainda na empresa e, assim que foram consultados os dados pessoais, a PM constatou que haviam mandados de pris\u00e3o em aberto contra ele. Ele foi levado para a delegacia da cidade, onde prestou depoimento. Segundo a Pol\u00edcia Civil (PC), o jovem foi condenado pela Justi\u00e7a por dois furtos e uma recepta\u00e7\u00e3o.<\/p>\n<h4>Rixa antiga<\/h4>\n<p>Durante o depoimento, o suspeito explicou que j\u00e1 existia uma rixa antiga entre eles, alegando que desde sempre era agredido pela v\u00edtima, que era muito mais forte do que ele. &#8220;No s\u00e1bado, durante a festa da empresa, o rapaz que foi assassinado estava dan\u00e7ando com a irm\u00e3 da namorada do suspeito, o que acabou gerando uma briga entre um amigo dele e a v\u00edtima. O autor do homic\u00eddio apenas tentou separar a confus\u00e3o, o que reacendeu a rixa antiga deles&#8221;, explicou o investigador Gustavo Galv\u00e3o.<\/p>\n<p>Nesta segunda-feira, j\u00e1 no trabalho, a v\u00edtima foi tirar satisfa\u00e7\u00e3o por conta da situa\u00e7\u00e3o ocorrida na festa e teria agredido o autor no vesti\u00e1rio. &#8220;Ele teria ficado revoltado, pegou a faga e deu v\u00e1rias facadas no colega de trabalho. O suspeito nem sequer tentou fugir da cena do crime&#8221;, disse o policial.<\/p>\n<p>O preso ser\u00e1 encaminhado ao Pres\u00eddio de Visconde do Rio Branco. As informa\u00e7\u00f5es s\u00e3o do <strong>Portal O Tempo Online<\/strong>.<\/p>\n","protected":false},"excerpt":{"rendered":"<p>Um rapaz de 21 anos assassinou um colega de trabalho a facadas ap\u00f3s ser agredido dentro do vesti\u00e1rio da ind\u00fastria Um rapaz de 20 anos assassinou um colega de trabalho, na madrugada desta segunda-feira (1\u00ba), no interior do vesti\u00e1rio da f\u00e1brica em que trabalhavam, em Visconde do Rio Branco, na Zona da Mata, ap\u00f3s um [&hellip;]<\/p>\n","protected":false},"author":1,"featured_media":42404,"comment_status":"open","ping_status":"closed","sticky":false,"template":"","format":"standard","meta":{"amp_status":"","footnotes":""},"categories":[6],"tags":[25210,3676],"class_list":["post-46952","post","type-post","status-publish","format-standard","has-post-thumbnail","hentry","category-br","tag-confusao-em-confraternizacao-de-empresa-alimenticia-termina-em-morte","tag-visconde-do-rio-branco"],"_links":{"self":[{"href":"https:\/\/aconteceunovale.com.br\/portal\/index.php?rest_route=\/wp\/v2\/posts\/46952","targetHints":{"allow":["GET"]}}],"collection":[{"href":"https:\/\/aconteceunovale.com.br\/portal\/index.php?rest_route=\/wp\/v2\/posts"}],"about":[{"href":"https:\/\/aconteceunovale.com.br\/portal\/index.php?rest_route=\/wp\/v2\/types\/post"}],"author":[{"embeddable":true,"href":"https:\/\/aconteceunovale.com.br\/portal\/index.php?rest_route=\/wp\/v2\/users\/1"}],"replies":[{"embeddable":true,"href":"https:\/\/aconteceunovale.com.br\/portal\/index.php?rest_route=%2Fwp%2Fv2%2Fcomments&post=46952"}],"version-history":[{"count":0,"href":"https:\/\/aconteceunovale.com.br\/portal\/index.php?rest_route=\/wp\/v2\/posts\/46952\/revisions"}],"wp:featuredmedia":[{"embeddable":true,"href":"https:\/\/aconteceunovale.com.br\/portal\/index.php?rest_route=\/wp\/v2\/media\/42404"}],"wp:attachment":[{"href":"https:\/\/aconteceunovale.com.br\/portal\/index.php?rest_route=%2Fwp%2Fv2%2Fmedia&parent=46952"}],"wp:term":[{"taxonomy":"category","embeddable":true,"href":"https:\/\/aconteceunovale.com.br\/portal\/index.php?rest_route=%2Fwp%2Fv2%2Fcategories&post=46952"},{"taxonomy":"post_tag","embeddable":true,"href":"https:\/\/aconteceunovale.com.br\/portal\/index.php?rest_route=%2Fwp%2Fv2%2Ftags&post=46952"}],"curies":[{"name":"wp","href":"https:\/\/api.w.org\/{rel}","templated":true}]}}