{"id":46950,"date":"2014-12-01T21:14:40","date_gmt":"2014-12-02T00:14:40","guid":{"rendered":"http:\/\/aconteceunovale.com.br\/portal\/?p=46950"},"modified":"2014-12-01T21:14:40","modified_gmt":"2014-12-02T00:14:40","slug":"delegado-pede-prisao-preventiva-para-suspeitos-de-matar-professor-e-veterinario-em-nova-serrana","status":"publish","type":"post","link":"https:\/\/aconteceunovale.com.br\/portal\/?p=46950","title":{"rendered":"Delegado pede pris\u00e3o preventiva para suspeitos de matar professor e veterin\u00e1rio em Nova Serrana"},"content":{"rendered":"<h4><strong><em>Pol\u00edcia Civil aguarda autoriza\u00e7\u00e3o da justi\u00e7a para encaminhar dupla ao pres\u00eddio. Caso chocou moradores da cidade<\/em><\/strong><\/h4>\n<p>A Pol\u00edcia Civil de Nova Serrana, Regi\u00e3o Centro-Oeste de Minas Gerais, enviou nesta segunda-feira o pedido de pris\u00e3o preventiva para os dois homens apontados como respons\u00e1veis pela morte de um professor e um veterin\u00e1rio na noite de s\u00e1bado. Segundo o delegado Irineu Jos\u00e9 Coelho Filho, assim que o juiz autorizar a pris\u00e3o, Jos\u00e9 Maur\u00edcio da Silva, 21 anos, e Francisco Alves da Silva, 19, ser\u00e3o encaminhados ao pres\u00eddio municipal. <\/p>\n<p><img decoding=\"async\" src=\"http:\/\/aconteceunovale.com.br\/portal\/wp-content\/uploads\/2014\/11\/mortos_ns_30.jpg\" alt=\"\" \/><em>Renato Gontijo foi atingido por 15 facadas e morreu dentro casa &#8211; Foto: Arquivo da fam\u00edlia<\/em><br \/>\n<\/br><\/p>\n<p>Um inqu\u00e9rito sobre o caso foi instaurado no in\u00edcio desta manh\u00e3. Os delegados informaram ainda que a suspeita era de que as v\u00edtimas conheciam os criminosos, pois n\u00e3o foram identificados sinais de arrombamento na resid\u00eancia. O crime chocou a cidade pela forma violenta em que o professor e o veterin\u00e1rio foram mortos. <\/p>\n<p>\u201cEles confessaram o crime durante o depoimento hoje a tarde. Disseram ainda que tinham o costume de ir \u00e0 casa das v\u00edtimas para frequentar festas e que ontem tomaram u\u00edsque e cerveja. Em determinado momento os autores se desentenderam com as v\u00edtimas e ent\u00e3o come\u00e7aram a brigar. Os dois foram mortos com golpes de faca dentro da casa\u201d, contou o delegado.<\/p>\n<p>Hoje, a dupla foi presa pela Pol\u00edcia Militar, ap\u00f3s den\u00fancias an\u00f4nimas. Enquanto eram detidos, eles confessaram aos militares a autoria do crime. Segundo o delegado, possibilidade de latroc\u00ednio ainda n\u00e3o foi descartada, apesar de v\u00e1rios ind\u00edcios de que a motiva\u00e7\u00e3o tenha sido passional. <\/p>\n<p>\u201cAcredito que ainda hoje o juiz autorize a pris\u00e3o da dupla. Posteriormente eles ser\u00e3o encaminhados para o pres\u00eddio, onde v\u00e3o aguardar a conclus\u00e3o das investiga\u00e7\u00f5es\u201d, completou o delegado Irineu Jos\u00e9. <\/p>\n<h4>Entenda o caso<\/h4>\n<p>Um vizinho ouviu gritos de socorro por volta das 21h30 e encontrou Cl\u00e9ber Bernardes dos Santos, ainda vivo, pedindo ajuda na varanda da casa. O professor foi levado para uma Unidade de Pronto Atendimento (UPA) de Nova Serrana e depois para o Hospital Jo\u00e3o XXIII, em Belo Horizonte, mas n\u00e3o resistiu \u00e0s facadas. Al\u00e9m de constatar o roubo de um Fiorino, a Pol\u00edcia Militar informou que a casa estava revirada, havia m\u00f3veis quebrados e sangue espalhado por paredes e pelo ch\u00e3o. Foi apreendida na varanda uma faca com l\u00e2mina de 22 cent\u00edmetros suja de sangue, possivelmente uma das armas do crime. Renato Ferreira Gontijo, atingido por pelo menos 15 facadas na cabe\u00e7a e t\u00f3rax, estava sem vida, ca\u00eddo dentro do banheiro.<\/p>\n<p><strong><em>(Fonte: Estado de Minas)<\/em><\/strong><\/p>\n","protected":false},"excerpt":{"rendered":"<p>Pol\u00edcia Civil aguarda autoriza\u00e7\u00e3o da justi\u00e7a para encaminhar dupla ao pres\u00eddio. Caso chocou moradores da cidade A Pol\u00edcia Civil de Nova Serrana, Regi\u00e3o Centro-Oeste de Minas Gerais, enviou nesta segunda-feira o pedido de pris\u00e3o preventiva para os dois homens apontados como respons\u00e1veis pela morte de um professor e um veterin\u00e1rio na noite de s\u00e1bado. Segundo [&hellip;]<\/p>\n","protected":false},"author":1,"featured_media":46813,"comment_status":"open","ping_status":"closed","sticky":false,"template":"","format":"standard","meta":{"amp_status":"","footnotes":""},"categories":[123],"tags":[25035,25206,25209,25207,25208,1665,1515,25040,25034],"class_list":["post-46950","post","type-post","status-publish","format-standard","has-post-thumbnail","hentry","category-gerais","tag-cleber-bernardes-dos-santos","tag-delegado-pede-prisao-preventiva-para-suspeitos-de-matar-professor-e-veterinario-em-nova-serrana","tag-francisco-alves-da-silva","tag-irineu-jose-coelho-filho","tag-jose-mauricio-da-silva","tag-moema","tag-nova-serrana","tag-renato-ferreira-gontijo","tag-renato-gontijo"],"_links":{"self":[{"href":"https:\/\/aconteceunovale.com.br\/portal\/index.php?rest_route=\/wp\/v2\/posts\/46950","targetHints":{"allow":["GET"]}}],"collection":[{"href":"https:\/\/aconteceunovale.com.br\/portal\/index.php?rest_route=\/wp\/v2\/posts"}],"about":[{"href":"https:\/\/aconteceunovale.com.br\/portal\/index.php?rest_route=\/wp\/v2\/types\/post"}],"author":[{"embeddable":true,"href":"https:\/\/aconteceunovale.com.br\/portal\/index.php?rest_route=\/wp\/v2\/users\/1"}],"replies":[{"embeddable":true,"href":"https:\/\/aconteceunovale.com.br\/portal\/index.php?rest_route=%2Fwp%2Fv2%2Fcomments&post=46950"}],"version-history":[{"count":0,"href":"https:\/\/aconteceunovale.com.br\/portal\/index.php?rest_route=\/wp\/v2\/posts\/46950\/revisions"}],"wp:featuredmedia":[{"embeddable":true,"href":"https:\/\/aconteceunovale.com.br\/portal\/index.php?rest_route=\/wp\/v2\/media\/46813"}],"wp:attachment":[{"href":"https:\/\/aconteceunovale.com.br\/portal\/index.php?rest_route=%2Fwp%2Fv2%2Fmedia&parent=46950"}],"wp:term":[{"taxonomy":"category","embeddable":true,"href":"https:\/\/aconteceunovale.com.br\/portal\/index.php?rest_route=%2Fwp%2Fv2%2Fcategories&post=46950"},{"taxonomy":"post_tag","embeddable":true,"href":"https:\/\/aconteceunovale.com.br\/portal\/index.php?rest_route=%2Fwp%2Fv2%2Ftags&post=46950"}],"curies":[{"name":"wp","href":"https:\/\/api.w.org\/{rel}","templated":true}]}}