{"id":46944,"date":"2014-12-01T20:25:54","date_gmt":"2014-12-01T23:25:54","guid":{"rendered":"http:\/\/aconteceunovale.com.br\/portal\/?p=46944"},"modified":"2014-12-01T20:25:54","modified_gmt":"2014-12-01T23:25:54","slug":"tvs-tem-prazo-de-um-ano-para-informar-o-fim-do-sinal-analogico","status":"publish","type":"post","link":"https:\/\/aconteceunovale.com.br\/portal\/?p=46944","title":{"rendered":"TVs t\u00eam prazo de um ano para informar o fim do sinal anal\u00f3gico"},"content":{"rendered":"<p>Portaria publicada hoje (1\u00ba), pelo Minist\u00e9rio das Comunica\u00e7\u00f5es, determina que emissoras, geradoras e retransmissoras de televis\u00e3o comecem a informar os telespectadores sobre o desligamento do sinal anal\u00f3gico com um ano de anteced\u00eancia. O cronograma de desligamento varia de acordo com a cidade e a regi\u00e3o do pa\u00eds.<\/p>\n<p>As informa\u00e7\u00f5es ter\u00e3o de ser veiculadas nas emissoras de sinal aberto e suas repetidoras em canal fechado, por meio de uma logomarca com o s\u00edmbolo da televis\u00e3o anal\u00f3gica. Todas ter\u00e3o de informar a data do desligamento e o n\u00famero do canal digital para o qual migrar\u00e1 a programa\u00e7\u00e3o.<\/p>\n<p>A portaria define, tamb\u00e9m, os n\u00fameros m\u00ednimos de inser\u00e7\u00f5es di\u00e1rias na programa\u00e7\u00e3o, come\u00e7ando com tr\u00eas e chegando a 18 no \u00faltimo m\u00eas que precede o desligamento. Est\u00e1 prevista, inclusive, a utiliza\u00e7\u00e3o de tarja ao p\u00e9 da tela, por pelo menos 30 segundos, com texto fixo ou em movimento.<\/p>\n<p>Na tarja dever\u00e3o constar informa\u00e7\u00f5es como data do desligamento, cidades afetadas e n\u00famero do canal digital que passar\u00e1 a operar a programa\u00e7\u00e3o, bem como a divulga\u00e7\u00e3o de site e telefone de uma central destinada a esclarecer eventuais d\u00favidas sobre o desligamento.<\/p>\n<p>De acordo com o Minist\u00e9rio das Comunica\u00e7\u00f5es, as emissoras ter\u00e3o de fixar, no alto da tela, a contagem regressiva para o desligamento do sinal anal\u00f3gico. Com o novo padr\u00e3o, as TVs passar\u00e3o a ser interativas e com qualidade superior da imagem e do som. A expectativa \u00e9 que o cronograma seja conclu\u00eddo ao final de 2018.<\/p>\n<p>O Sistema Brasileiro de Televis\u00e3o Digital Terrestre foi criado em 2006, pelo governo federal, com o intuito de estabelecer as diretrizes para a migra\u00e7\u00e3o do sistema de transmiss\u00e3o anal\u00f3gico para o digital, que entram em vigor em abril de 2016, no Distrito Federal e nos munic\u00edpios da Regi\u00e3o do Entorno da capital federal. Em seguida, ser\u00e3o inclu\u00eddas as capitais e cidades dos estados de S\u00e3o Paulo, Minas Gerais, Goi\u00e1s e do Rio de Janeiro.<\/p>\n<p><strong><em>(Ag\u00eancia Brasil)<\/em><\/strong><\/p>\n","protected":false},"excerpt":{"rendered":"<p>Portaria publicada hoje (1\u00ba), pelo Minist\u00e9rio das Comunica\u00e7\u00f5es, determina que emissoras, geradoras e retransmissoras de televis\u00e3o comecem a informar os telespectadores sobre o desligamento do sinal anal\u00f3gico com um ano de anteced\u00eancia. O cronograma de desligamento varia de acordo com a cidade e a regi\u00e3o do pa\u00eds. As informa\u00e7\u00f5es ter\u00e3o de ser veiculadas nas emissoras [&hellip;]<\/p>\n","protected":false},"author":1,"featured_media":46945,"comment_status":"open","ping_status":"closed","sticky":false,"template":"","format":"standard","meta":{"amp_status":"","footnotes":""},"categories":[6],"tags":[25194,25198,19327,25195,25197,25196,25193],"class_list":["post-46944","post","type-post","status-publish","format-standard","has-post-thumbnail","hentry","category-br","tag-fim-do-sinal-analogico","tag-ministerio-das-comunicacoes","tag-portaria","tag-sinal-analogico","tag-tarja","tag-tv-digital","tag-tvs-tem-prazo-de-um-ano-para-informar-o-fim-do-sinal-analogico"],"_links":{"self":[{"href":"https:\/\/aconteceunovale.com.br\/portal\/index.php?rest_route=\/wp\/v2\/posts\/46944","targetHints":{"allow":["GET"]}}],"collection":[{"href":"https:\/\/aconteceunovale.com.br\/portal\/index.php?rest_route=\/wp\/v2\/posts"}],"about":[{"href":"https:\/\/aconteceunovale.com.br\/portal\/index.php?rest_route=\/wp\/v2\/types\/post"}],"author":[{"embeddable":true,"href":"https:\/\/aconteceunovale.com.br\/portal\/index.php?rest_route=\/wp\/v2\/users\/1"}],"replies":[{"embeddable":true,"href":"https:\/\/aconteceunovale.com.br\/portal\/index.php?rest_route=%2Fwp%2Fv2%2Fcomments&post=46944"}],"version-history":[{"count":0,"href":"https:\/\/aconteceunovale.com.br\/portal\/index.php?rest_route=\/wp\/v2\/posts\/46944\/revisions"}],"wp:featuredmedia":[{"embeddable":true,"href":"https:\/\/aconteceunovale.com.br\/portal\/index.php?rest_route=\/wp\/v2\/media\/46945"}],"wp:attachment":[{"href":"https:\/\/aconteceunovale.com.br\/portal\/index.php?rest_route=%2Fwp%2Fv2%2Fmedia&parent=46944"}],"wp:term":[{"taxonomy":"category","embeddable":true,"href":"https:\/\/aconteceunovale.com.br\/portal\/index.php?rest_route=%2Fwp%2Fv2%2Fcategories&post=46944"},{"taxonomy":"post_tag","embeddable":true,"href":"https:\/\/aconteceunovale.com.br\/portal\/index.php?rest_route=%2Fwp%2Fv2%2Ftags&post=46944"}],"curies":[{"name":"wp","href":"https:\/\/api.w.org\/{rel}","templated":true}]}}