{"id":46931,"date":"2014-12-01T20:01:03","date_gmt":"2014-12-01T23:01:03","guid":{"rendered":"http:\/\/aconteceunovale.com.br\/portal\/?p=46931"},"modified":"2014-12-01T20:01:03","modified_gmt":"2014-12-01T23:01:03","slug":"justica-recebe-denuncia-de-crime-ambiental-contra-prefeito-do-vale-do-rio-doce","status":"publish","type":"post","link":"https:\/\/aconteceunovale.com.br\/portal\/?p=46931","title":{"rendered":"Justi\u00e7a recebe den\u00fancia de crime ambiental contra prefeito do Vale do Rio Doce"},"content":{"rendered":"<h4><strong><em>Pol\u00edtico construiu sem autoriza\u00e7\u00e3o dos \u00f3rg\u00e3os competentes<\/em><\/strong><\/h4>\n<p>O Tribunal de Justi\u00e7a de Minas Gerais (TJMG) aceitou den\u00fancia da Procuradoria-Geral de Justi\u00e7a contra o prefeito de Central de Minas, no Vale do Rio Doce. O pol\u00edtico responde criminalmente por ter constru\u00eddo um posto de gasolina sem licen\u00e7a ou autoriza\u00e7\u00e3o do \u00f3rg\u00e3o ambiental competente e desobedecendo ao Departamento de Estradas e Rodagem de Minas Gerais (DER).<\/p>\n<p>Genil Mata da Cruz (PP) instalou a edifica\u00e7\u00e3o em dezembro de 2011, no quil\u00f4metro terceiro da rodovia MG-381, pr\u00f3ximo ao aeroporto local. Segundo o Minist\u00e9rio P\u00fablico (MP), na ocasi\u00e3o em que isso ocorreu, foi oferecida a transa\u00e7\u00e3o penal ao investigado, mas ela n\u00e3o chegou a se concretizar, porque o prefeito, por duas vezes, deixou de comparecer \u00e0s audi\u00eancias, sem justificar sua aus\u00eancia.<\/p>\n<p>Genil pediu a suspens\u00e3o condicional do processo. Examinando o pedido, o desembargador relator, Eduardo Brum, da 4\u00aa C\u00e2mara Criminal, entendeu que, ao contr\u00e1rio do que afirmava o r\u00e9u, a den\u00fancia exp\u00f4s com clareza e detalhamento os fatos a ele imputados (desobedi\u00eancia e constru\u00e7\u00e3o de obra poluidora sem licen\u00e7a do \u00f3rg\u00e3o ambiental) e n\u00e3o continha nenhuma falha processual.<\/p>\n<p>O magistrado tamb\u00e9m rejeitou a argumenta\u00e7\u00e3o da defesa de que o Minist\u00e9rio P\u00fablico devesse apresentar provas para que a den\u00fancia fosse recebida, destacando que, nessa fase da a\u00e7\u00e3o, nem sequer \u00e9 necess\u00e1rio avaliar minuciosamente a fundamenta\u00e7\u00e3o da acusa\u00e7\u00e3o. \u201cBastam elementos que tornem veross\u00edmil a acusa\u00e7\u00e3o\u201d, declarou.<\/p>\n<p>Eduardo Brum considerou, ainda, que o prefeito n\u00e3o tinha direito \u00e0 suspens\u00e3o condicional do processo, porque em outra a\u00e7\u00e3o penal ele j\u00e1 havia aceitado o benef\u00edcio e um dos requisitos legais para receb\u00ea-lo \u00e9 o acusado n\u00e3o estar sendo processado ou n\u00e3o ter sido condenado por outro crime.<\/p>\n<p>Os desembargadores J\u00falio Cezar Guttierrez, Doorgal Andrada, Amauri Pinto Ferreira e Eduardo Machado acompanharam o relator.<\/p>\n<p><em>(Fonte: Tribunal de Justi\u00e7a de Minas Gerais)<\/em><\/p>\n","protected":false},"excerpt":{"rendered":"<p>Pol\u00edtico construiu sem autoriza\u00e7\u00e3o dos \u00f3rg\u00e3os competentes O Tribunal de Justi\u00e7a de Minas Gerais (TJMG) aceitou den\u00fancia da Procuradoria-Geral de Justi\u00e7a contra o prefeito de Central de Minas, no Vale do Rio Doce. O pol\u00edtico responde criminalmente por ter constru\u00eddo um posto de gasolina sem licen\u00e7a ou autoriza\u00e7\u00e3o do \u00f3rg\u00e3o ambiental competente e desobedecendo ao [&hellip;]<\/p>\n","protected":false},"author":1,"featured_media":46932,"comment_status":"open","ping_status":"closed","sticky":false,"template":"","format":"standard","meta":{"amp_status":"","footnotes":""},"categories":[121],"tags":[1671,25186,25184,25185],"class_list":["post-46931","post","type-post","status-publish","format-standard","has-post-thumbnail","hentry","category-leste","tag-central-de-minas","tag-genil-mata-da-cruz","tag-justica-recebe-denuncia-de-crime-ambiental-contra-prefeito-de-central-de-minas","tag-justica-recebe-denuncia-de-crime-ambiental-contra-prefeito-do-vale-do-rio-doce"],"_links":{"self":[{"href":"https:\/\/aconteceunovale.com.br\/portal\/index.php?rest_route=\/wp\/v2\/posts\/46931","targetHints":{"allow":["GET"]}}],"collection":[{"href":"https:\/\/aconteceunovale.com.br\/portal\/index.php?rest_route=\/wp\/v2\/posts"}],"about":[{"href":"https:\/\/aconteceunovale.com.br\/portal\/index.php?rest_route=\/wp\/v2\/types\/post"}],"author":[{"embeddable":true,"href":"https:\/\/aconteceunovale.com.br\/portal\/index.php?rest_route=\/wp\/v2\/users\/1"}],"replies":[{"embeddable":true,"href":"https:\/\/aconteceunovale.com.br\/portal\/index.php?rest_route=%2Fwp%2Fv2%2Fcomments&post=46931"}],"version-history":[{"count":0,"href":"https:\/\/aconteceunovale.com.br\/portal\/index.php?rest_route=\/wp\/v2\/posts\/46931\/revisions"}],"wp:featuredmedia":[{"embeddable":true,"href":"https:\/\/aconteceunovale.com.br\/portal\/index.php?rest_route=\/wp\/v2\/media\/46932"}],"wp:attachment":[{"href":"https:\/\/aconteceunovale.com.br\/portal\/index.php?rest_route=%2Fwp%2Fv2%2Fmedia&parent=46931"}],"wp:term":[{"taxonomy":"category","embeddable":true,"href":"https:\/\/aconteceunovale.com.br\/portal\/index.php?rest_route=%2Fwp%2Fv2%2Fcategories&post=46931"},{"taxonomy":"post_tag","embeddable":true,"href":"https:\/\/aconteceunovale.com.br\/portal\/index.php?rest_route=%2Fwp%2Fv2%2Ftags&post=46931"}],"curies":[{"name":"wp","href":"https:\/\/api.w.org\/{rel}","templated":true}]}}