{"id":46919,"date":"2014-12-01T19:07:45","date_gmt":"2014-12-01T22:07:45","guid":{"rendered":"http:\/\/aconteceunovale.com.br\/portal\/?p=46919"},"modified":"2014-12-01T19:07:45","modified_gmt":"2014-12-01T22:07:45","slug":"comenda-teofilo-ottoni-e-entregue-a-personalidades-que-se-dedicam-ao-desenvolvimento-de-minas","status":"publish","type":"post","link":"https:\/\/aconteceunovale.com.br\/portal\/?p=46919","title":{"rendered":"Comenda Te\u00f3filo Ottoni \u00e9 entregue a personalidades que se dedicam ao desenvolvimento de Minas"},"content":{"rendered":"<h4><strong><em>O Governo de Minas realizou, nesta segunda-feira (01\/12), a cerim\u00f4nia de entrega da Comenda Te\u00f3filo Ottoni, no Expominas, na cidade de Te\u00f3filo Otoni, no Vale do Mucuri<\/em><\/strong><\/h4>\n<p>O governador Alberto Pinto Coelho, idealizador da medalha, foi representado pelo chefe do Gabinete Militar do Governador, coronel Alex de Melo. A defensora p\u00fablica-geral do Estado de Minas Gerais, Christiane Neves Proc\u00f3pio Malard, foi a oradora oficial do evento. A Comenda foi criada em 2007, por meio da Lei 16.920 para homenagear pessoas e institui\u00e7\u00f5es que tenham se dedicado ao desenvolvimento pol\u00edtico, cultural, econ\u00f4mico e social dos Vales do Jequitinhonha e Mucuri e do Norte de Minas. <\/p>\n<p><img decoding=\"async\" src=\"http:\/\/aconteceunovale.com.br\/portal\/wp-content\/uploads\/2014\/12\/comenda_teofilo_otoni_1.jpg\" alt=\"\" \/><em>A Comenda foi criada em 2007, por meio da Lei 16.920 &#8211; Foto: Wellington Pedro\/Ag\u00eancia Minas<\/em><br \/>\n<\/br><\/p>\n<h4>Lista dos agraciados<\/h4>\n<p>Adriene Barbosa de Faria Andrade, presidente do Tribunal de Contas do Estado de Minas Gerais<\/p>\n<p>Alencar Santos Viana, secret\u00e1rio de Desenvolvimento Regional e Pol\u00edtica Urbana<\/p>\n<p>Alex de Melo, chefe do Gabinete Militar do Governador<\/p>\n<p>Ana L\u00facia Almeida Gazzola, secret\u00e1ria de Educa\u00e7\u00e3o<\/p>\n<p>Anderson Fran\u00e7a Menezes, delegado de Pol\u00edcia Civil (Detran)<\/p>\n<p>Ant\u00f4nio Carlos Doorgal de Andrada, presidente da Associa\u00e7\u00e3o Mineira de Munic\u00edpios<\/p>\n<p>Ant\u00f4nio dos Reis Gon\u00e7alves Lerin, deputado estadual<\/p>\n<p>Ant\u00f4nio Jorge de Souza Marques, deputado estadual eleito<\/p>\n<p>Ant\u00f4nio Pinheiro J\u00fanior, deputado federal<\/p>\n<p>Ant\u00f4nio S\u00e9rvulo dos Santos, corregedor-geral de Justi\u00e7a de MG<\/p>\n<p>Bertholdino Apol\u00f4nio Teixeira J\u00fanior, diretor-geral do Instituto Estadual de Florestas<\/p>\n<p>Bonif\u00e1cio Jos\u00e9 Tamm de Andrada, deputado federal<\/p>\n<p>Bruno Terra Dias, juiz de Direito<\/p>\n<p>Carlos Andr\u00e9 Mariani Bittencourt, procurador de Justi\u00e7a de MG<\/p>\n<p>Carlos do Carmo Andrade Melles, deputado federal<\/p>\n<p>Christiane Neves Proc\u00f3pio Malard, defensora p\u00fablica-geral de MG<\/p>\n<p>Cl\u00e1udia L\u00facia Leal Werneck, diretora-geral do Instituto de Geoinforma\u00e7\u00e3o e Tecnologia &#8211; IGTEC<\/p>\n<p>Cl\u00e1udia Maciel Santos, chefe de Gabinete do Servas<\/p>\n<p>Cust\u00f3dio Ant\u00f4nio de Mattos, secret\u00e1rio-geral da Governadoria<\/p>\n<p>Diego Leonardo de Andrade Carvalho, deputado federal<\/p>\n<p>Dilzon Luiz de Melo, deputado estadual<\/p>\n<p>Divino Pereira de Brito, chefe do Estado-Maior da PMMG<\/p>\n<p>Djalma Bastos de Morais, presidente da Companhia Energ\u00e9tica de Minas Gerais &#8211; Cemig<\/p>\n<p>Eduardo Prates Bernis, secret\u00e1rio de Trabalho e Desenvolvimento Social<\/p>\n<p>Eros Ferreira Biondini, deputado federal<\/p>\n<p>Euclides Fernandes Salema Filho, presidente da Casa de Caridade Santa Tereza<\/p>\n<p>Felix Nagib Tolentino, aut\u00f4nomo<\/p>\n<p>Fernando Ant\u00f4nio Costa Jannotti, diretor-geral do Deop<\/p>\n<p>Francisco Jairo Nunes de Cunha Pereira, servidor p\u00fablico aposentado<\/p>\n<p>Francisco M\u00e1rcio Martins Miranda Chaves, procurador de Justi\u00e7a\/MG<\/p>\n<p>Geraldo Augusto de Almeida, presidente do Tribunal Regional Eleitoral<\/p>\n<p>Geraldo Fl\u00e1vio Vasques, procurador geral de Justi\u00e7a Adjunto<\/p>\n<p>Gilberto Ottoni Porto, aposentado<\/p>\n<p>Gustavo de Faria Dias Corr\u00eaa, deputado estadual<\/p>\n<p>Heliomar Valle da Silveira, prefeito de Pirapora<\/p>\n<p>Ilter Volmer Martins, vice-prefeito de Te\u00f3filo Otoni<\/p>\n<p>Isabel Pereira de Souza, diretora-presidente da Prodemge<\/p>\n<p>Ivan Gamaliel Pinto, comandante-geral do CBMMG<\/p>\n<p>Jardel Sebba, prefeito de Catal\u00e3o<\/p>\n<p>Jo\u00e3o da Matta Machado, m\u00e9dico &#8220;In memoriam&#8221;       <\/p>\n<p>Jo\u00e3o Leite da Silva Neto, deputado estadual<\/p>\n<p>Jos\u00e9 A\u00e9cio dos Santos, ex-prefeito de Ladainha<\/p>\n<p>Jos\u00e9 Afr\u00e2nio Vilela, desembargador<\/p>\n<p>Jos\u00e9 Eug\u00eanio de Avelar Monteiro de Castro, presidente Metrominas<\/p>\n<p>Jos\u00e9 Geraldo Oliveira Prado, secret\u00e1rio de Estado de Sa\u00fade<\/p>\n<p>Jos\u00e9 Nelson Sobrinho, diretor regional do DER<\/p>\n<p>Jos\u00e9 Ricardo Ramos Roseno, presidente da Emater<\/p>\n<p>Julio C\u00e9sar Santos Esteves, controlador-geral de MG<\/p>\n<p>Leonardo Maur\u00edcio Colombini Lima, secret\u00e1rio de Estado de Fazenda<\/p>\n<p>Lister Cesar Nascimento, diretor-geral do Detel<\/p>\n<p>L\u00facio Meijon Campolina, delegado de Pol\u00edcia Federal<\/p>\n<p>Luiz Fernando Ramos Faria, deputado federal<\/p>\n<p>Luiz Humberto Carneiro, deputado estadual<\/p>\n<p>Luzia Maria Ferreira, deputada estadual<\/p>\n<p>Marcelo Arruda Nassif, diretor de Minera\u00e7\u00e3o e Novos Neg\u00f3cios da Codemig<\/p>\n<p>Marcio Araujo de Lacerda, prefeito de Belo Horizonte &#8211; MG<\/p>\n<p>M\u00e1rcio Martins Sant&#8217;Ana, comandante-geral da PMMG<\/p>\n<p>Marco Ant\u00f4nio Rebelo Romanelli, secret\u00e1rio de Estado Defesa Social<\/p>\n<p>Marcos Montes Cordeiro, deputado federal<\/p>\n<p>Marcos Paulo Miranda, coordenador-geral do MPMG &#8211; Defesa do Patrim\u00f4nio Cultural e Tur\u00edstico<\/p>\n<p>Margarida Carvalhais Barroso, pedagoga<\/p>\n<p>Maria de F\u00e1tima Raj\u00e3o Costa e Coelho, assessora do Servas<\/p>\n<p>Maria Odete Souto Pereira, procuradora-geral de Justi\u00e7a de MG<\/p>\n<p>Marina Gomes de Carvalho Pinto, defensora p\u00fablica<\/p>\n<p>M\u00f4nica Neves Cordeiro, diretora-presidente do Indi<\/p>\n<p>Nedens Ulisses Freire Vieira, procurador de Justi\u00e7a e presidente da AMMP<\/p>\n<p>Nilo Gon\u00e7alves Sim\u00e3o, empres\u00e1rio<\/p>\n<p>Octac\u00edlio Machado J\u00fanior, presidente da Cohab<\/p>\n<p>Ol\u00eddio Carlos Blanc Gomes, empres\u00e1rio do ramo da mineira\u00e7\u00e3o e fazendeiro<\/p>\n<p>Oliveira Santiago Maciel, chefe de Pol\u00edcia Civil<\/p>\n<p>Otimar Ferreira Bicalho, presidente da C\u00e2mara do Mercado Imobili\u00e1rio de MG<\/p>\n<p>Paulo Abi-Ackel, deputado federal<\/p>\n<p>Paulo Jos\u00e9 Vieira Tavares, empres\u00e1rio\/Presidente do Creci<\/p>\n<p>Paulo Renato Mesquita Nunes, comerciante<\/p>\n<p>Pedro Carlos Bintencourt Marcondes, presidente do TJMG<\/p>\n<p>Renata Maria Paes de Vilhena, secret\u00e1ria de Estado de Planejamento e Gest\u00e3o<\/p>\n<p>Roney Luiz Torres Alves da Silva, advogado-geral do Estado<\/p>\n<p>Samir Carvalho Moys\u00e9s, diretor-geral do Idene<\/p>\n<p>Saulo Nazareno de Mesquita Carvalho, diretor-geral da Ag\u00eancia de Desenvolvimento da RMBH<\/p>\n<p>Tancredo Augusto Tolentino Neves, presidente da Companhia Mineira de Promo\u00e7\u00f5es Prominas<\/p>\n<p>Tiago Ulisses de Castro e Oliveira, deputado estadual<\/p>\n<p>Walmor Oliveira de Azevedo, arcebispo de Belo Horizonte<\/p>\n<p>Wellington Gadelha Campelo, diretor de Integra\u00e7\u00e3o e Interioriza\u00e7\u00e3o da Jucemg<\/p>\n<p><img decoding=\"async\" src=\"http:\/\/aconteceunovale.com.br\/portal\/wp-content\/uploads\/2014\/12\/comenda_teofilo_otoni_2.jpg\" alt=\"\" \/><em>A Comenda foi criada em 2007, por meio da Lei 16.920 &#8211; Foto: Wellington Pedro\/Ag\u00eancia Minas<\/em><br \/>\n<\/br><\/p>\n<p><img decoding=\"async\" src=\"http:\/\/aconteceunovale.com.br\/portal\/wp-content\/uploads\/2014\/12\/comenda_teofilo_otoni_3.jpg\" alt=\"\" \/><em>A Comenda foi criada em 2007, por meio da Lei 16.920 &#8211; Foto: Wellington Pedro\/Ag\u00eancia Minas<\/em><br \/>\n<\/br><\/p>\n<p><img decoding=\"async\" src=\"http:\/\/aconteceunovale.com.br\/portal\/wp-content\/uploads\/2014\/12\/comenda_teofilo_otoni_4.jpg\" alt=\"\" \/><em>A Comenda foi criada em 2007, por meio da Lei 16.920 &#8211; Foto: Wellington Pedro\/Ag\u00eancia Minas<\/em><br \/>\n<\/br><\/p>\n<p><img decoding=\"async\" src=\"http:\/\/aconteceunovale.com.br\/portal\/wp-content\/uploads\/2014\/12\/comenda_teofilo_otoni_5.jpg\" alt=\"\" \/><em>A Comenda foi criada em 2007, por meio da Lei 16.920 &#8211; Foto: Wellington Pedro\/Ag\u00eancia Minas<\/em><br \/>\n<\/br><\/p>\n<p><img decoding=\"async\" src=\"http:\/\/aconteceunovale.com.br\/portal\/wp-content\/uploads\/2014\/12\/comenda_teofilo_otoni_6.jpg\" alt=\"\" \/><em>A Comenda foi criada em 2007, por meio da Lei 16.920 &#8211; Foto: Wellington Pedro\/Ag\u00eancia Minas<\/em><\/p>\n","protected":false},"excerpt":{"rendered":"<p>O Governo de Minas realizou, nesta segunda-feira (01\/12), a cerim\u00f4nia de entrega da Comenda Te\u00f3filo Ottoni, no Expominas, na cidade de Te\u00f3filo Otoni, no Vale do Mucuri O governador Alberto Pinto Coelho, idealizador da medalha, foi representado pelo chefe do Gabinete Militar do Governador, coronel Alex de Melo. A defensora p\u00fablica-geral do Estado de Minas [&hellip;]<\/p>\n","protected":false},"author":1,"featured_media":46920,"comment_status":"open","ping_status":"closed","sticky":false,"template":"","format":"standard","meta":{"amp_status":"","footnotes":""},"categories":[122],"tags":[25178,25179,1402,25180,25177,25174,25173,25176,164,25175],"class_list":["post-46919","post","type-post","status-publish","format-standard","has-post-thumbnail","hentry","category-mucuri","tag-adriene-barbosa-de-faria-andrade","tag-agraciados-com-a-comenda-teofilo-ottoni","tag-alberto-pinto-coelho","tag-autoridades-que-receberam-a-comenda-teofilo-ottoni","tag-christiane-neves-procopio-malard","tag-comenda-teofilo-ottoni","tag-comenda-teofilo-ottoni-e-entregue-a-personalidades-que-se-dedicam-ao-desenvolvimento-de-minas","tag-coronel-alex-de-melo","tag-teofilo-otoni","tag-teofilo-ottoni"],"_links":{"self":[{"href":"https:\/\/aconteceunovale.com.br\/portal\/index.php?rest_route=\/wp\/v2\/posts\/46919","targetHints":{"allow":["GET"]}}],"collection":[{"href":"https:\/\/aconteceunovale.com.br\/portal\/index.php?rest_route=\/wp\/v2\/posts"}],"about":[{"href":"https:\/\/aconteceunovale.com.br\/portal\/index.php?rest_route=\/wp\/v2\/types\/post"}],"author":[{"embeddable":true,"href":"https:\/\/aconteceunovale.com.br\/portal\/index.php?rest_route=\/wp\/v2\/users\/1"}],"replies":[{"embeddable":true,"href":"https:\/\/aconteceunovale.com.br\/portal\/index.php?rest_route=%2Fwp%2Fv2%2Fcomments&post=46919"}],"version-history":[{"count":0,"href":"https:\/\/aconteceunovale.com.br\/portal\/index.php?rest_route=\/wp\/v2\/posts\/46919\/revisions"}],"wp:featuredmedia":[{"embeddable":true,"href":"https:\/\/aconteceunovale.com.br\/portal\/index.php?rest_route=\/wp\/v2\/media\/46920"}],"wp:attachment":[{"href":"https:\/\/aconteceunovale.com.br\/portal\/index.php?rest_route=%2Fwp%2Fv2%2Fmedia&parent=46919"}],"wp:term":[{"taxonomy":"category","embeddable":true,"href":"https:\/\/aconteceunovale.com.br\/portal\/index.php?rest_route=%2Fwp%2Fv2%2Fcategories&post=46919"},{"taxonomy":"post_tag","embeddable":true,"href":"https:\/\/aconteceunovale.com.br\/portal\/index.php?rest_route=%2Fwp%2Fv2%2Ftags&post=46919"}],"curies":[{"name":"wp","href":"https:\/\/api.w.org\/{rel}","templated":true}]}}